{"id":30319,"date":"2021-05-23T16:33:33","date_gmt":"2021-05-23T16:33:33","guid":{"rendered":"https:\/\/armstrongyregion.com.ar\/diario\/?p=30319"},"modified":"2021-05-23T16:33:35","modified_gmt":"2021-05-23T16:33:35","slug":"canada-de-gomez-municipio-y-fudeca-firmaron-convenio-con-la-universidad-nacional-de-rafaela","status":"publish","type":"post","link":"https:\/\/armstrongyregion.com.ar\/diario\/canada-de-gomez-municipio-y-fudeca-firmaron-convenio-con-la-universidad-nacional-de-rafaela\/","title":{"rendered":"Ca\u00f1ada de G\u00f3mez. Municipio y Fudeca firmaron convenio con la universidad nacional de Rafaela."},"content":{"rendered":"\n<figure class=\"wp-block-image size-large\"><img loading=\"lazy\" decoding=\"async\" width=\"768\" height=\"960\" src=\"http:\/\/armstrongyregion.com.ar\/diario\/wp-content\/uploads\/2021\/05\/fudeca-.jpg\" alt=\"\" class=\"wp-image-30320\" srcset=\"https:\/\/armstrongyregion.com.ar\/diario\/wp-content\/uploads\/2021\/05\/fudeca-.jpg 768w, https:\/\/armstrongyregion.com.ar\/diario\/wp-content\/uploads\/2021\/05\/fudeca--240x300.jpg 240w\" sizes=\"auto, (max-width: 768px) 100vw, 768px\" \/><\/figure>\n\n\n\n<p>\n\nLa Municipalidad de Ca\u00f1ada de G\u00f3mez junto a Fudeca y la Universidad Nacional de Rafaela firmaron un convenio de colaboraci\u00f3n para establecer relaciones de car\u00e1cter acad\u00e9mico, cultural, tecnol\u00f3gico y educativo.<br>De esta manera, con el impulso de la gesti\u00f3n de la intendenta Stella Cl\u00e9rici, se avanza en el fomento de la innovaci\u00f3n productiva, cient\u00edfica y tecnol\u00f3gica. Esto contempla la concreci\u00f3n de &nbsp;proyectos de investigaci\u00f3n, as\u00ed como promover la formaci\u00f3n y asistencia t\u00e9cnica del capital humano en tem\u00e1ticas espec\u00edficas y llevar a cabo proyectos para el sector productivo, agr\u00edcola, de turismo, de servicios y comercial.<br>\u201cSeguimos fomentando la innovaci\u00f3n productiva, cient\u00edfica y tecnol\u00f3gica, en este caso a partir del Convenio firmado con la Universidad Nacional de Rafaela\u201d, expres\u00f3 Cl\u00e9rici.<\/p>\n\n\n\n<p><\/p>\n","protected":false},"excerpt":{"rendered":"<p>La Municipalidad de Ca\u00f1ada de G\u00f3mez junto a Fudeca y la Universidad Nacional de Rafaela firmaron un convenio de colaboraci\u00f3n para establecer relaciones de car\u00e1cter acad\u00e9mico, cultural, tecnol\u00f3gico y educativo.De esta manera, con el impulso de la gesti\u00f3n de la intendenta Stella Cl\u00e9rici, se avanza en el fomento de la innovaci\u00f3n productiva, cient\u00edfica y tecnol\u00f3gica. <a href=\"https:\/\/armstrongyregion.com.ar\/diario\/canada-de-gomez-municipio-y-fudeca-firmaron-convenio-con-la-universidad-nacional-de-rafaela\/\" title=\"Read more\" >&#8230;<\/a><\/p>\n","protected":false},"author":1,"featured_media":30320,"comment_status":"open","ping_status":"open","sticky":false,"template":"","format":"image","meta":{"_jetpack_memberships_contains_paid_content":false,"footnotes":"","jetpack_publicize_message":"","jetpack_publicize_feature_enabled":true,"jetpack_social_post_already_shared":true,"jetpack_social_options":{"image_generator_settings":{"template":"highway","default_image_id":0,"enabled":false},"version":2}},"categories":[6,8,1,7,3],"tags":[],"class_list":["post-30319","post","type-post","status-publish","format-image","has-post-thumbnail","hentry","category-cultura-entretenimiento","category-deliberando","category-diario-armstrong","category-politica","category-region","post_format-post-format-image"],"jetpack_publicize_connections":[],"jetpack_featured_media_url":"https:\/\/armstrongyregion.com.ar\/diario\/wp-content\/uploads\/2021\/05\/fudeca-.jpg","jetpack_shortlink":"https:\/\/wp.me\/p62QDO-7T1","jetpack_sharing_enabled":true,"amp_enabled":true,"_links":{"self":[{"href":"https:\/\/armstrongyregion.com.ar\/diario\/wp-json\/wp\/v2\/posts\/30319","targetHints":{"allow":["GET"]}}],"collection":[{"href":"https:\/\/armstrongyregion.com.ar\/diario\/wp-json\/wp\/v2\/posts"}],"about":[{"href":"https:\/\/armstrongyregion.com.ar\/diario\/wp-json\/wp\/v2\/types\/post"}],"author":[{"embeddable":true,"href":"https:\/\/armstrongyregion.com.ar\/diario\/wp-json\/wp\/v2\/users\/1"}],"replies":[{"embeddable":true,"href":"https:\/\/armstrongyregion.com.ar\/diario\/wp-json\/wp\/v2\/comments?post=30319"}],"version-history":[{"count":1,"href":"https:\/\/armstrongyregion.com.ar\/diario\/wp-json\/wp\/v2\/posts\/30319\/revisions"}],"predecessor-version":[{"id":30321,"href":"https:\/\/armstrongyregion.com.ar\/diario\/wp-json\/wp\/v2\/posts\/30319\/revisions\/30321"}],"wp:featuredmedia":[{"embeddable":true,"href":"https:\/\/armstrongyregion.com.ar\/diario\/wp-json\/wp\/v2\/media\/30320"}],"wp:attachment":[{"href":"https:\/\/armstrongyregion.com.ar\/diario\/wp-json\/wp\/v2\/media?parent=30319"}],"wp:term":[{"taxonomy":"category","embeddable":true,"href":"https:\/\/armstrongyregion.com.ar\/diario\/wp-json\/wp\/v2\/categories?post=30319"},{"taxonomy":"post_tag","embeddable":true,"href":"https:\/\/armstrongyregion.com.ar\/diario\/wp-json\/wp\/v2\/tags?post=30319"}],"curies":[{"name":"wp","href":"https:\/\/api.w.org\/{rel}","templated":true}]}}