{"id":30208,"date":"2021-05-17T13:37:53","date_gmt":"2021-05-17T13:37:53","guid":{"rendered":"https:\/\/armstrongyregion.com.ar\/diario\/?p=30208"},"modified":"2021-05-17T13:37:54","modified_gmt":"2021-05-17T13:37:54","slug":"colapso-sanitario-perotti-anticipo-medidas-para-quitar-circulacion-para-ayudar-al-sistema-de-salud","status":"publish","type":"post","link":"https:\/\/armstrongyregion.com.ar\/diario\/colapso-sanitario-perotti-anticipo-medidas-para-quitar-circulacion-para-ayudar-al-sistema-de-salud\/","title":{"rendered":"Colapso sanitario: Perotti anticip\u00f3 medidas para \u00abquitar circulaci\u00f3n para ayudar al sistema de salud\u00bb"},"content":{"rendered":"\n<figure class=\"wp-block-image size-large\"><img loading=\"lazy\" decoding=\"async\" width=\"800\" height=\"450\" src=\"http:\/\/armstrongyregion.com.ar\/diario\/wp-content\/uploads\/2021\/05\/perotti_nuevo_decreto.jpg_1756841869.jpg\" alt=\"\" class=\"wp-image-30209\" srcset=\"https:\/\/armstrongyregion.com.ar\/diario\/wp-content\/uploads\/2021\/05\/perotti_nuevo_decreto.jpg_1756841869.jpg 800w, https:\/\/armstrongyregion.com.ar\/diario\/wp-content\/uploads\/2021\/05\/perotti_nuevo_decreto.jpg_1756841869-300x169.jpg 300w, https:\/\/armstrongyregion.com.ar\/diario\/wp-content\/uploads\/2021\/05\/perotti_nuevo_decreto.jpg_1756841869-768x432.jpg 768w\" sizes=\"auto, (max-width: 800px) 100vw, 800px\" \/><\/figure>\n\n\n\n<h2 class=\"wp-block-heading\"> El gobernador dijo que mayo \u00abes un mes dificil\u00edsimo\u00bb, ya que se \u00abconsumi\u00f3\u00bb la ampliaci\u00f3n hecha al sistema. Remarc\u00f3 el pedido de responsabilidad social para evitar m\u00e1s contagios.<\/h2>\n\n\n\n<p>El gobernador Omar Perotti dijo que analiza&nbsp;<strong>\u00abquitar circulaci\u00f3n para ayudar al sistema de salud\u00bb<\/strong>&nbsp;que este lunes&nbsp;<a href=\"https:\/\/www.rosario3.com\/informaciongeneral\/Coronavirus-en-Santa-Fe-No-hay-camas-el-colapso-sanitario-es-total-20210517-0031.html\" target=\"_blank\" rel=\"noreferrer noopener\"><strong>colaps\u00f3<\/strong><\/a>&nbsp;en las regiones de&nbsp;<strong>Rosario, Rafaela y Santa Fe<\/strong>. Pidi\u00f3 responsabilidad social y agreg\u00f3 que est\u00e1n por llegar 17 respiradores m\u00e1s a la provincia, aunque advirti\u00f3:&nbsp;<strong>\u00abTodo lo que se ampli\u00f3 ya lo consumimos\u00bb<\/strong>.<\/p>\n\n\n\n<p>Perotti habl\u00f3 el inaugurar el primer tramo de la ruta provincial 63 en el departamento Castellanos. All\u00ed, sostuvo que mayo \u00abes un mes dificil\u00edsimo.<strong>&nbsp;El fin de semana llevamos las camas al l\u00edmite de lo que hab\u00edamos ampliado<\/strong>\u00ab.<\/p>\n\n\n\n<p>\u00abHoy tenemos una llegada de 17 respiradores, pero todo lo que se ampli\u00f3 lo consumimos. El nivel de contagios es alto. Hay que cuidarse mucho\u00bb, agreg\u00f3.<\/p>\n\n\n\n<p>El mandatario provincial anticip\u00f3 que analiza&nbsp;<strong>\u00abquitar circulaci\u00f3n para ayudar al sistema de salud\u00bb en el marco de una alt\u00edsima ocupaci\u00f3n de camas cr\u00edticas y generales<\/strong>&nbsp;tanto en el sector p\u00fablico como el privado. \u00abTodas esas medidas que tomemos necesitan de la colaboraci\u00f3n de cada uno de ustedes\u00bb, manifest\u00f3.<\/p>\n\n\n\n<p>\u00abCu\u00eddense mucho. Cuiden a sus amigos, a sus familias, a sus compa\u00f1eros de trabajo. Es un momento duro, dif\u00edcil\u00bb, concluy\u00f3 y remarc\u00f3: \u00abLa responsabilidad social que asumamos es fundamental para no seguir generando m\u00e1s circulaci\u00f3n, que es m\u00e1s&nbsp;<strong>contagios y m\u00e1s internaciones<\/strong>\u00ab.<br><\/p>\n","protected":false},"excerpt":{"rendered":"<p>El gobernador dijo que mayo \u00abes un mes dificil\u00edsimo\u00bb, ya que se \u00abconsumi\u00f3\u00bb la ampliaci\u00f3n hecha al sistema. Remarc\u00f3 el pedido de responsabilidad social para evitar m\u00e1s contagios. El gobernador Omar Perotti dijo que analiza&nbsp;\u00abquitar circulaci\u00f3n para ayudar al sistema de salud\u00bb&nbsp;que este lunes&nbsp;colaps\u00f3&nbsp;en las regiones de&nbsp;Rosario, Rafaela y Santa Fe. Pidi\u00f3 responsabilidad social y <a href=\"https:\/\/armstrongyregion.com.ar\/diario\/colapso-sanitario-perotti-anticipo-medidas-para-quitar-circulacion-para-ayudar-al-sistema-de-salud\/\" title=\"Read more\" >&#8230;<\/a><\/p>\n","protected":false},"author":1,"featured_media":30209,"comment_status":"open","ping_status":"open","sticky":false,"template":"","format":"image","meta":{"_jetpack_memberships_contains_paid_content":false,"footnotes":"","jetpack_publicize_message":"","jetpack_publicize_feature_enabled":true,"jetpack_social_post_already_shared":true,"jetpack_social_options":{"image_generator_settings":{"template":"highway","default_image_id":0,"enabled":false},"version":2}},"categories":[8,1,2,4,3],"tags":[],"class_list":["post-30208","post","type-post","status-publish","format-image","has-post-thumbnail","hentry","category-deliberando","category-diario-armstrong","category-locales","category-prevencion-salud","category-region","post_format-post-format-image"],"jetpack_publicize_connections":[],"jetpack_featured_media_url":"https:\/\/armstrongyregion.com.ar\/diario\/wp-content\/uploads\/2021\/05\/perotti_nuevo_decreto.jpg_1756841869.jpg","jetpack_shortlink":"https:\/\/wp.me\/p62QDO-7Re","jetpack_sharing_enabled":true,"amp_enabled":true,"_links":{"self":[{"href":"https:\/\/armstrongyregion.com.ar\/diario\/wp-json\/wp\/v2\/posts\/30208","targetHints":{"allow":["GET"]}}],"collection":[{"href":"https:\/\/armstrongyregion.com.ar\/diario\/wp-json\/wp\/v2\/posts"}],"about":[{"href":"https:\/\/armstrongyregion.com.ar\/diario\/wp-json\/wp\/v2\/types\/post"}],"author":[{"embeddable":true,"href":"https:\/\/armstrongyregion.com.ar\/diario\/wp-json\/wp\/v2\/users\/1"}],"replies":[{"embeddable":true,"href":"https:\/\/armstrongyregion.com.ar\/diario\/wp-json\/wp\/v2\/comments?post=30208"}],"version-history":[{"count":1,"href":"https:\/\/armstrongyregion.com.ar\/diario\/wp-json\/wp\/v2\/posts\/30208\/revisions"}],"predecessor-version":[{"id":30210,"href":"https:\/\/armstrongyregion.com.ar\/diario\/wp-json\/wp\/v2\/posts\/30208\/revisions\/30210"}],"wp:featuredmedia":[{"embeddable":true,"href":"https:\/\/armstrongyregion.com.ar\/diario\/wp-json\/wp\/v2\/media\/30209"}],"wp:attachment":[{"href":"https:\/\/armstrongyregion.com.ar\/diario\/wp-json\/wp\/v2\/media?parent=30208"}],"wp:term":[{"taxonomy":"category","embeddable":true,"href":"https:\/\/armstrongyregion.com.ar\/diario\/wp-json\/wp\/v2\/categories?post=30208"},{"taxonomy":"post_tag","embeddable":true,"href":"https:\/\/armstrongyregion.com.ar\/diario\/wp-json\/wp\/v2\/tags?post=30208"}],"curies":[{"name":"wp","href":"https:\/\/api.w.org\/{rel}","templated":true}]}}