{"id":30201,"date":"2021-05-15T22:55:30","date_gmt":"2021-05-15T22:55:30","guid":{"rendered":"https:\/\/armstrongyregion.com.ar\/diario\/?p=30201"},"modified":"2021-05-15T22:55:33","modified_gmt":"2021-05-15T22:55:33","slug":"el-centro-comercial-industrial-y-rural-de-armstrong-comunica-nuevas-medidas-de-prevencion-covid-19","status":"publish","type":"post","link":"https:\/\/armstrongyregion.com.ar\/diario\/el-centro-comercial-industrial-y-rural-de-armstrong-comunica-nuevas-medidas-de-prevencion-covid-19\/","title":{"rendered":"El Centro Comercial, Industrial y Rural de Armstrong comunica nuevas medidas de prevenci\u00f3n Covid-19."},"content":{"rendered":"\n<figure class=\"wp-block-image size-large\"><img loading=\"lazy\" decoding=\"async\" width=\"225\" height=\"225\" src=\"http:\/\/armstrongyregion.com.ar\/diario\/wp-content\/uploads\/2021\/05\/Centro-Comercial-.jpg\" alt=\"\" class=\"wp-image-30202\" srcset=\"https:\/\/armstrongyregion.com.ar\/diario\/wp-content\/uploads\/2021\/05\/Centro-Comercial-.jpg 225w, https:\/\/armstrongyregion.com.ar\/diario\/wp-content\/uploads\/2021\/05\/Centro-Comercial--150x150.jpg 150w\" sizes=\"auto, (max-width: 225px) 100vw, 225px\" \/><\/figure>\n\n\n\n<p> La Comisi\u00f3n Directiva del Centro Comercial, Industrial y Rural de Armstrong, comunica que en el d\u00eda de la fecha, representantes de las industrias de nuestra ciudad mantuvieron una reuni\u00f3n con personal m\u00e9dico y de salud en general del SAMCo local. En la misma, fue claramente manifestado por el personal del SAMCo, la gravedad sanitaria que atraviesa nuestra ciudad, fundamentalmente en lo que refiere al 100% de ocupaci\u00f3n de las Camas de la Unidad de Terapia Intensiva. Por tal motivo, y con la finalidad de colaborar en esta dif\u00edcil situaci\u00f3n, se ha decidido solicitar a las empresas asociadas, intensificar las medidas de control y prevenci\u00f3n del COVID-19. Entre ellas, las siguientes: 1- Intensificar las medidas de prevenci\u00f3n en el lugar de trabajo: fundamentalmente relacionado a: utilizaci\u00f3n de barbijo N95, distanciamiento m\u00ednimo de dos metros, circulaci\u00f3n de aire y utilizaci\u00f3n de alcohol en gel. 2- Concientizar a todo el personal de los cuidados a nivel individual: Se realiz\u00f3 especial hincapi\u00e9 en la importancia de no realizar reuniones sociales y poder transmitir dicho compromiso a todos los colaboradores de cada empresa.  2 3- No descontar ning\u00fan beneficio relativo a premios a la producci\u00f3n ni premio por presentismo. Esta medida se sugiere con el objetivo de que ning\u00fan empleado de ninguna empresa se vea perjudicado por no asistir a su lugar de trabajo con alg\u00fan s\u00edntoma o siendo contacto estrecho de un caso positivo. 4- Aislamiento de contactos estrechos y casos sospechosos: mantener una pol\u00edtica estricta de aislamiento en dichos casos. 5- Horarios de trabajo: Se analizar\u00e1 el mejor esquema de horarios de trabajo, en cuanto a limitaciones a la circulaci\u00f3n. Sin otro particular, saludamos a Ustedes con la consideraci\u00f3n m\u00e1s distinguida.<\/p>\n\n\n\n<p>  Marcela Silvi- Secretaria.<\/p>\n\n\n\n<p> Claudio Del Vecchio-Presidente.<\/p>\n","protected":false},"excerpt":{"rendered":"<p>La Comisi\u00f3n Directiva del Centro Comercial, Industrial y Rural de Armstrong, comunica que en el d\u00eda de la fecha, representantes de las industrias de nuestra ciudad mantuvieron una reuni\u00f3n con personal m\u00e9dico y de salud en general del SAMCo local. En la misma, fue claramente manifestado por el personal del SAMCo, la gravedad sanitaria que <a href=\"https:\/\/armstrongyregion.com.ar\/diario\/el-centro-comercial-industrial-y-rural-de-armstrong-comunica-nuevas-medidas-de-prevencion-covid-19\/\" title=\"Read more\" >&#8230;<\/a><\/p>\n","protected":false},"author":1,"featured_media":30202,"comment_status":"open","ping_status":"open","sticky":false,"template":"","format":"image","meta":{"_jetpack_memberships_contains_paid_content":false,"footnotes":"","jetpack_publicize_message":"","jetpack_publicize_feature_enabled":true,"jetpack_social_post_already_shared":true,"jetpack_social_options":{"image_generator_settings":{"template":"highway","default_image_id":0,"enabled":false},"version":2}},"categories":[8,1,2,7,3],"tags":[],"class_list":["post-30201","post","type-post","status-publish","format-image","has-post-thumbnail","hentry","category-deliberando","category-diario-armstrong","category-locales","category-politica","category-region","post_format-post-format-image"],"jetpack_publicize_connections":[],"jetpack_featured_media_url":"https:\/\/armstrongyregion.com.ar\/diario\/wp-content\/uploads\/2021\/05\/Centro-Comercial-.jpg","jetpack_shortlink":"https:\/\/wp.me\/p62QDO-7R7","jetpack_sharing_enabled":true,"amp_enabled":true,"_links":{"self":[{"href":"https:\/\/armstrongyregion.com.ar\/diario\/wp-json\/wp\/v2\/posts\/30201","targetHints":{"allow":["GET"]}}],"collection":[{"href":"https:\/\/armstrongyregion.com.ar\/diario\/wp-json\/wp\/v2\/posts"}],"about":[{"href":"https:\/\/armstrongyregion.com.ar\/diario\/wp-json\/wp\/v2\/types\/post"}],"author":[{"embeddable":true,"href":"https:\/\/armstrongyregion.com.ar\/diario\/wp-json\/wp\/v2\/users\/1"}],"replies":[{"embeddable":true,"href":"https:\/\/armstrongyregion.com.ar\/diario\/wp-json\/wp\/v2\/comments?post=30201"}],"version-history":[{"count":1,"href":"https:\/\/armstrongyregion.com.ar\/diario\/wp-json\/wp\/v2\/posts\/30201\/revisions"}],"predecessor-version":[{"id":30204,"href":"https:\/\/armstrongyregion.com.ar\/diario\/wp-json\/wp\/v2\/posts\/30201\/revisions\/30204"}],"wp:featuredmedia":[{"embeddable":true,"href":"https:\/\/armstrongyregion.com.ar\/diario\/wp-json\/wp\/v2\/media\/30202"}],"wp:attachment":[{"href":"https:\/\/armstrongyregion.com.ar\/diario\/wp-json\/wp\/v2\/media?parent=30201"}],"wp:term":[{"taxonomy":"category","embeddable":true,"href":"https:\/\/armstrongyregion.com.ar\/diario\/wp-json\/wp\/v2\/categories?post=30201"},{"taxonomy":"post_tag","embeddable":true,"href":"https:\/\/armstrongyregion.com.ar\/diario\/wp-json\/wp\/v2\/tags?post=30201"}],"curies":[{"name":"wp","href":"https:\/\/api.w.org\/{rel}","templated":true}]}}