{"id":30194,"date":"2021-05-15T21:24:15","date_gmt":"2021-05-15T21:24:15","guid":{"rendered":"https:\/\/armstrongyregion.com.ar\/diario\/?p=30194"},"modified":"2021-05-15T21:33:14","modified_gmt":"2021-05-15T21:33:14","slug":"trabajadores-de-la-salud-fueron-convocados-por-representantes-de-la-camara-de-industria-y-comercio-frente-al-area-industrial","status":"publish","type":"post","link":"https:\/\/armstrongyregion.com.ar\/diario\/trabajadores-de-la-salud-fueron-convocados-por-representantes-de-la-camara-de-industria-y-comercio-frente-al-area-industrial\/","title":{"rendered":"Trabajadores de la Salud, fueron convocados por representantes de la c\u00e1mara de industria y comercio frente al \u00e1rea industrial."},"content":{"rendered":"\n<figure class=\"wp-block-image size-large\"><img loading=\"lazy\" decoding=\"async\" width=\"720\" height=\"389\" src=\"http:\/\/armstrongyregion.com.ar\/diario\/wp-content\/uploads\/2021\/05\/salud-2-.jpg\" alt=\"\" class=\"wp-image-30195\" srcset=\"https:\/\/armstrongyregion.com.ar\/diario\/wp-content\/uploads\/2021\/05\/salud-2-.jpg 720w, https:\/\/armstrongyregion.com.ar\/diario\/wp-content\/uploads\/2021\/05\/salud-2--300x162.jpg 300w\" sizes=\"auto, (max-width: 720px) 100vw, 720px\" \/><\/figure>\n\n\n\n<p> El Director de Salud de la Municipalidad de Armstrong, tambi\u00e9n coordinador de ambulancias de Samco,  Susamco, David Ciccioli  y directora del nosocomio local  Dra. Ver\u00f3nica Barone fueron invitados por representantes de la c\u00e1mara de Industria y Comercio, para que los empresarios se interioricen de primera mano que pasa en salud  a nivel local.<\/p>\n\n\n\n<figure class=\"wp-block-image size-large\"><img loading=\"lazy\" decoding=\"async\" width=\"712\" height=\"388\" src=\"http:\/\/armstrongyregion.com.ar\/diario\/wp-content\/uploads\/2021\/05\/Salud-1.jpg\" alt=\"\" class=\"wp-image-30196\" srcset=\"https:\/\/armstrongyregion.com.ar\/diario\/wp-content\/uploads\/2021\/05\/Salud-1.jpg 712w, https:\/\/armstrongyregion.com.ar\/diario\/wp-content\/uploads\/2021\/05\/Salud-1-300x163.jpg 300w\" sizes=\"auto, (max-width: 712px) 100vw, 712px\" \/><\/figure>\n\n\n\n<p>Armstrong y Region,\ntuvo la oportunidad de dialogar con el empresario Jorge De Grande,\nquien nos dec\u00eda que la convocatoria fue realizada para que los\ntrabajadores de la Salud, contaran de primera mano, que es lo que\nsucede en nuestra ciudad, para luego trasladarlo a nivel interno\nempresarial y as\u00ed tomar algunas decisiones.<\/p>\n\n\n\n<figure class=\"wp-block-image size-large\"><img loading=\"lazy\" decoding=\"async\" width=\"720\" height=\"401\" src=\"http:\/\/armstrongyregion.com.ar\/diario\/wp-content\/uploads\/2021\/05\/salud-3.jpg\" alt=\"\" class=\"wp-image-30197\" srcset=\"https:\/\/armstrongyregion.com.ar\/diario\/wp-content\/uploads\/2021\/05\/salud-3.jpg 720w, https:\/\/armstrongyregion.com.ar\/diario\/wp-content\/uploads\/2021\/05\/salud-3-300x167.jpg 300w\" sizes=\"auto, (max-width: 720px) 100vw, 720px\" \/><\/figure>\n\n\n\n<p>De Grande expres\u00f3; \u201cEscuche algunos testimonios de los trabajadores de salud,  los cuales est\u00e1n trabajando con mucha, incertidumbre, ansiedad y estr\u00e9s y obviamente est\u00e1n desbordados en sus quehaceres. Luego de esta reuni\u00f3n los empresarios tomaremos algunas medidas\u201d.<\/p>\n\n\n\n<p>Parte del personal expresaba su preocupaci\u00f3n por el incremento de casos en los \u00faltimos d\u00edas teniendo en cuenta que ya no hay lugar de internaci\u00f3n en sala, ni UTI en el nosocomio local ni tampoco en Rosario. <\/p>\n\n\n\n<p>El Director de Salud Municipal apunt\u00f3  a la conciencia individual recomend\u00f3 que nos cuidemos y tambi\u00e9n a nuestros afectos y no esperemos que lo haga provincia, ni el intendente, ni nuestros progenitores,  el funcionario informo que hoy  ya no hay mas lugares de internaci\u00f3n en Armstrong ni en la regi\u00f3n.<\/p>\n\n\n\n<p>Fotogramas; Walter Musso de Cable Imagen Armstrong.<\/p>\n","protected":false},"excerpt":{"rendered":"<p>El Director de Salud de la Municipalidad de Armstrong, tambi\u00e9n coordinador de ambulancias de Samco, Susamco, David Ciccioli y directora del nosocomio local Dra. Ver\u00f3nica Barone fueron invitados por representantes de la c\u00e1mara de Industria y Comercio, para que los empresarios se interioricen de primera mano que pasa en salud a nivel local. Armstrong y <a href=\"https:\/\/armstrongyregion.com.ar\/diario\/trabajadores-de-la-salud-fueron-convocados-por-representantes-de-la-camara-de-industria-y-comercio-frente-al-area-industrial\/\" title=\"Read more\" >&#8230;<\/a><\/p>\n","protected":false},"author":1,"featured_media":30195,"comment_status":"open","ping_status":"open","sticky":false,"template":"","format":"image","meta":{"_jetpack_memberships_contains_paid_content":false,"footnotes":"","jetpack_publicize_message":"","jetpack_publicize_feature_enabled":true,"jetpack_social_post_already_shared":true,"jetpack_social_options":{"image_generator_settings":{"template":"highway","default_image_id":0,"enabled":false},"version":2}},"categories":[8,1,2,4,3],"tags":[],"class_list":["post-30194","post","type-post","status-publish","format-image","has-post-thumbnail","hentry","category-deliberando","category-diario-armstrong","category-locales","category-prevencion-salud","category-region","post_format-post-format-image"],"jetpack_publicize_connections":[],"jetpack_featured_media_url":"https:\/\/armstrongyregion.com.ar\/diario\/wp-content\/uploads\/2021\/05\/salud-2-.jpg","jetpack_shortlink":"https:\/\/wp.me\/p62QDO-7R0","jetpack_sharing_enabled":true,"amp_enabled":true,"_links":{"self":[{"href":"https:\/\/armstrongyregion.com.ar\/diario\/wp-json\/wp\/v2\/posts\/30194","targetHints":{"allow":["GET"]}}],"collection":[{"href":"https:\/\/armstrongyregion.com.ar\/diario\/wp-json\/wp\/v2\/posts"}],"about":[{"href":"https:\/\/armstrongyregion.com.ar\/diario\/wp-json\/wp\/v2\/types\/post"}],"author":[{"embeddable":true,"href":"https:\/\/armstrongyregion.com.ar\/diario\/wp-json\/wp\/v2\/users\/1"}],"replies":[{"embeddable":true,"href":"https:\/\/armstrongyregion.com.ar\/diario\/wp-json\/wp\/v2\/comments?post=30194"}],"version-history":[{"count":3,"href":"https:\/\/armstrongyregion.com.ar\/diario\/wp-json\/wp\/v2\/posts\/30194\/revisions"}],"predecessor-version":[{"id":30200,"href":"https:\/\/armstrongyregion.com.ar\/diario\/wp-json\/wp\/v2\/posts\/30194\/revisions\/30200"}],"wp:featuredmedia":[{"embeddable":true,"href":"https:\/\/armstrongyregion.com.ar\/diario\/wp-json\/wp\/v2\/media\/30195"}],"wp:attachment":[{"href":"https:\/\/armstrongyregion.com.ar\/diario\/wp-json\/wp\/v2\/media?parent=30194"}],"wp:term":[{"taxonomy":"category","embeddable":true,"href":"https:\/\/armstrongyregion.com.ar\/diario\/wp-json\/wp\/v2\/categories?post=30194"},{"taxonomy":"post_tag","embeddable":true,"href":"https:\/\/armstrongyregion.com.ar\/diario\/wp-json\/wp\/v2\/tags?post=30194"}],"curies":[{"name":"wp","href":"https:\/\/api.w.org\/{rel}","templated":true}]}}