{"id":30188,"date":"2021-05-15T00:53:25","date_gmt":"2021-05-15T00:53:25","guid":{"rendered":"https:\/\/armstrongyregion.com.ar\/diario\/?p=30188"},"modified":"2021-05-15T00:53:28","modified_gmt":"2021-05-15T00:53:28","slug":"fallecio-el-juez-de-primera-instancia-dr-alberto-jesus-rizziardi","status":"publish","type":"post","link":"https:\/\/armstrongyregion.com.ar\/diario\/fallecio-el-juez-de-primera-instancia-dr-alberto-jesus-rizziardi\/","title":{"rendered":"Falleci\u00f3 el Juez de Primera Instancia Dr. Alberto Jes\u00fas Rizziardi."},"content":{"rendered":"\n<figure class=\"wp-block-image size-large\"><img loading=\"lazy\" decoding=\"async\" width=\"480\" height=\"360\" src=\"http:\/\/armstrongyregion.com.ar\/diario\/wp-content\/uploads\/2021\/05\/Juez-Riziardi.jpg\" alt=\"\" class=\"wp-image-30189\" srcset=\"https:\/\/armstrongyregion.com.ar\/diario\/wp-content\/uploads\/2021\/05\/Juez-Riziardi.jpg 480w, https:\/\/armstrongyregion.com.ar\/diario\/wp-content\/uploads\/2021\/05\/Juez-Riziardi-300x225.jpg 300w\" sizes=\"auto, (max-width: 480px) 100vw, 480px\" \/><\/figure>\n\n\n\n<h2 class=\"wp-block-heading\"> Afectado por Covid 18, se encontraba internado desde hace aproximadamente 20 d\u00edas. <\/h2>\n\n\n\n<p>En la tarde de este viernes se produjo el deceso del Dr. Alberto Jes\u00fas Rizzardi, Juez de Primera Instancia &#8211; Distrito Judicial n\u00b0 6 en lo Penal y Comercial &#8211; Ca\u00f1ada de G\u00f3mez.<\/p>\n\n\n\n<p>La noticia caus\u00f3 pesar en todos aquellos que lo conoc\u00edan y sab\u00eda de su personalidad profesional, respetuosa y con particular cercan\u00eda con la sociedad.<\/p>\n\n\n\n<p>Las Rosas Digital.<\/p>\n","protected":false},"excerpt":{"rendered":"<p>Afectado por Covid 18, se encontraba internado desde hace aproximadamente 20 d\u00edas. En la tarde de este viernes se produjo el deceso del Dr. Alberto Jes\u00fas Rizzardi, Juez de Primera Instancia &#8211; Distrito Judicial n\u00b0 6 en lo Penal y Comercial &#8211; Ca\u00f1ada de G\u00f3mez. La noticia caus\u00f3 pesar en todos aquellos que lo conoc\u00edan <a href=\"https:\/\/armstrongyregion.com.ar\/diario\/fallecio-el-juez-de-primera-instancia-dr-alberto-jesus-rizziardi\/\" title=\"Read more\" >&#8230;<\/a><\/p>\n","protected":false},"author":1,"featured_media":30189,"comment_status":"open","ping_status":"open","sticky":false,"template":"","format":"image","meta":{"_jetpack_memberships_contains_paid_content":false,"footnotes":"","jetpack_publicize_message":"","jetpack_publicize_feature_enabled":true,"jetpack_social_post_already_shared":true,"jetpack_social_options":{"image_generator_settings":{"template":"highway","default_image_id":0,"enabled":false},"version":2}},"categories":[8,1,2,3],"tags":[],"class_list":["post-30188","post","type-post","status-publish","format-image","has-post-thumbnail","hentry","category-deliberando","category-diario-armstrong","category-locales","category-region","post_format-post-format-image"],"jetpack_publicize_connections":[],"jetpack_featured_media_url":"https:\/\/armstrongyregion.com.ar\/diario\/wp-content\/uploads\/2021\/05\/Juez-Riziardi.jpg","jetpack_shortlink":"https:\/\/wp.me\/p62QDO-7QU","jetpack_sharing_enabled":true,"amp_enabled":true,"_links":{"self":[{"href":"https:\/\/armstrongyregion.com.ar\/diario\/wp-json\/wp\/v2\/posts\/30188","targetHints":{"allow":["GET"]}}],"collection":[{"href":"https:\/\/armstrongyregion.com.ar\/diario\/wp-json\/wp\/v2\/posts"}],"about":[{"href":"https:\/\/armstrongyregion.com.ar\/diario\/wp-json\/wp\/v2\/types\/post"}],"author":[{"embeddable":true,"href":"https:\/\/armstrongyregion.com.ar\/diario\/wp-json\/wp\/v2\/users\/1"}],"replies":[{"embeddable":true,"href":"https:\/\/armstrongyregion.com.ar\/diario\/wp-json\/wp\/v2\/comments?post=30188"}],"version-history":[{"count":1,"href":"https:\/\/armstrongyregion.com.ar\/diario\/wp-json\/wp\/v2\/posts\/30188\/revisions"}],"predecessor-version":[{"id":30190,"href":"https:\/\/armstrongyregion.com.ar\/diario\/wp-json\/wp\/v2\/posts\/30188\/revisions\/30190"}],"wp:featuredmedia":[{"embeddable":true,"href":"https:\/\/armstrongyregion.com.ar\/diario\/wp-json\/wp\/v2\/media\/30189"}],"wp:attachment":[{"href":"https:\/\/armstrongyregion.com.ar\/diario\/wp-json\/wp\/v2\/media?parent=30188"}],"wp:term":[{"taxonomy":"category","embeddable":true,"href":"https:\/\/armstrongyregion.com.ar\/diario\/wp-json\/wp\/v2\/categories?post=30188"},{"taxonomy":"post_tag","embeddable":true,"href":"https:\/\/armstrongyregion.com.ar\/diario\/wp-json\/wp\/v2\/tags?post=30188"}],"curies":[{"name":"wp","href":"https:\/\/api.w.org\/{rel}","templated":true}]}}