{"id":30152,"date":"2021-05-13T16:48:00","date_gmt":"2021-05-13T16:48:00","guid":{"rendered":"https:\/\/armstrongyregion.com.ar\/diario\/?p=30152"},"modified":"2021-05-13T16:48:02","modified_gmt":"2021-05-13T16:48:02","slug":"profesionales-de-la-region-participaron-de-1er-encuentro-internacional-de-los-forum-infancias","status":"publish","type":"post","link":"https:\/\/armstrongyregion.com.ar\/diario\/profesionales-de-la-region-participaron-de-1er-encuentro-internacional-de-los-forum-infancias\/","title":{"rendered":"Profesionales de la regi\u00f3n participaron de \u00ab1er Encuentro Internacional de los Forum Infancias\u00bb."},"content":{"rendered":"\n<figure class=\"wp-block-image size-large\"><img loading=\"lazy\" decoding=\"async\" width=\"402\" height=\"337\" src=\"http:\/\/armstrongyregion.com.ar\/diario\/wp-content\/uploads\/2021\/05\/forum-infancias.jpg\" alt=\"\" class=\"wp-image-30153\" srcset=\"https:\/\/armstrongyregion.com.ar\/diario\/wp-content\/uploads\/2021\/05\/forum-infancias.jpg 402w, https:\/\/armstrongyregion.com.ar\/diario\/wp-content\/uploads\/2021\/05\/forum-infancias-300x251.jpg 300w\" sizes=\"auto, (max-width: 402px) 100vw, 402px\" \/><\/figure>\n\n\n\n<h2 class=\"wp-block-heading\"> Se realiz\u00f3 el pasado 8 de mayo con la intervenci\u00f3n de Forums de Espa\u00f1a, M\u00e9xico, Chile y Argentina. <\/h2>\n\n\n\n<p>FORUM INFANCIAS es un movimiento interdisciplinario -conformado en Buenos Aires hace 14 a\u00f1os- cuyo objetivo es la lucha contra la patologizaci\u00f3n y la medicalizaci\u00f3n de las infancias y adolescencias.<\/p>\n\n\n\n<p>El 8 de mayo se desarroll\u00f3 el 1er Encuentro Internacional de los Forum Infancias \u00abPropuestas y apuestas subjetivantes en pandemia\/sindemia\u201d, donde estuvieron presentes 24 Forums Infancias Espa\u00f1a, M\u00e9xico, Chile y Argentina. El mismo reuni\u00f3 de manera virtual a m\u00e1s de 160 profesionales de distintas disciplinas del campo de la salud, salud mental, educaci\u00f3n y las ciencias sociales, en una jornada de trabajo, de intercambio, de enriquecimiento.<\/p>\n\n\n\n<p>Durante el encuentro se compartieron preocupaciones e ideas sobre el modo en que se biologiza y patologiza el sufrimiento de las infancias y adolescencias actuales, los efectos de la pandemia y el agravamiento de las inequidades. Durante el mismo se hicieron propuestas de intervenciones para escuchar y acompa\u00f1ar y cuidar a ni\u00f1as, ni\u00f1os y adolescentes en esta situaci\u00f3n.<\/p>\n\n\n\n<p>Las Rosas Digital.<\/p>\n","protected":false},"excerpt":{"rendered":"<p>Se realiz\u00f3 el pasado 8 de mayo con la intervenci\u00f3n de Forums de Espa\u00f1a, M\u00e9xico, Chile y Argentina. FORUM INFANCIAS es un movimiento interdisciplinario -conformado en Buenos Aires hace 14 a\u00f1os- cuyo objetivo es la lucha contra la patologizaci\u00f3n y la medicalizaci\u00f3n de las infancias y adolescencias. El 8 de mayo se desarroll\u00f3 el 1er <a href=\"https:\/\/armstrongyregion.com.ar\/diario\/profesionales-de-la-region-participaron-de-1er-encuentro-internacional-de-los-forum-infancias\/\" title=\"Read more\" >&#8230;<\/a><\/p>\n","protected":false},"author":1,"featured_media":30153,"comment_status":"open","ping_status":"open","sticky":false,"template":"","format":"image","meta":{"_jetpack_memberships_contains_paid_content":false,"footnotes":"","jetpack_publicize_message":"","jetpack_publicize_feature_enabled":true,"jetpack_social_post_already_shared":true,"jetpack_social_options":{"image_generator_settings":{"template":"highway","default_image_id":0,"enabled":false},"version":2}},"categories":[8,1,2,4,3],"tags":[],"class_list":["post-30152","post","type-post","status-publish","format-image","has-post-thumbnail","hentry","category-deliberando","category-diario-armstrong","category-locales","category-prevencion-salud","category-region","post_format-post-format-image"],"jetpack_publicize_connections":[],"jetpack_featured_media_url":"https:\/\/armstrongyregion.com.ar\/diario\/wp-content\/uploads\/2021\/05\/forum-infancias.jpg","jetpack_shortlink":"https:\/\/wp.me\/p62QDO-7Qk","jetpack_sharing_enabled":true,"amp_enabled":true,"_links":{"self":[{"href":"https:\/\/armstrongyregion.com.ar\/diario\/wp-json\/wp\/v2\/posts\/30152","targetHints":{"allow":["GET"]}}],"collection":[{"href":"https:\/\/armstrongyregion.com.ar\/diario\/wp-json\/wp\/v2\/posts"}],"about":[{"href":"https:\/\/armstrongyregion.com.ar\/diario\/wp-json\/wp\/v2\/types\/post"}],"author":[{"embeddable":true,"href":"https:\/\/armstrongyregion.com.ar\/diario\/wp-json\/wp\/v2\/users\/1"}],"replies":[{"embeddable":true,"href":"https:\/\/armstrongyregion.com.ar\/diario\/wp-json\/wp\/v2\/comments?post=30152"}],"version-history":[{"count":1,"href":"https:\/\/armstrongyregion.com.ar\/diario\/wp-json\/wp\/v2\/posts\/30152\/revisions"}],"predecessor-version":[{"id":30154,"href":"https:\/\/armstrongyregion.com.ar\/diario\/wp-json\/wp\/v2\/posts\/30152\/revisions\/30154"}],"wp:featuredmedia":[{"embeddable":true,"href":"https:\/\/armstrongyregion.com.ar\/diario\/wp-json\/wp\/v2\/media\/30153"}],"wp:attachment":[{"href":"https:\/\/armstrongyregion.com.ar\/diario\/wp-json\/wp\/v2\/media?parent=30152"}],"wp:term":[{"taxonomy":"category","embeddable":true,"href":"https:\/\/armstrongyregion.com.ar\/diario\/wp-json\/wp\/v2\/categories?post=30152"},{"taxonomy":"post_tag","embeddable":true,"href":"https:\/\/armstrongyregion.com.ar\/diario\/wp-json\/wp\/v2\/tags?post=30152"}],"curies":[{"name":"wp","href":"https:\/\/api.w.org\/{rel}","templated":true}]}}