{"id":30149,"date":"2021-05-13T03:43:45","date_gmt":"2021-05-13T03:43:45","guid":{"rendered":"https:\/\/armstrongyregion.com.ar\/diario\/?p=30149"},"modified":"2021-05-13T03:43:49","modified_gmt":"2021-05-13T03:43:49","slug":"gramigna-y-urquia-solicitaron-incluir-en-el-plan-de-vacunacion-a-bomberos-voluntarios","status":"publish","type":"post","link":"https:\/\/armstrongyregion.com.ar\/diario\/gramigna-y-urquia-solicitaron-incluir-en-el-plan-de-vacunacion-a-bomberos-voluntarios\/","title":{"rendered":"Gramigna y Urqu\u00eda solicitaron incluir en el plan de Vacunaci\u00f3n a Bomberos Voluntarios."},"content":{"rendered":"\n<figure class=\"wp-block-image size-large\"><img loading=\"lazy\" decoding=\"async\" width=\"768\" height=\"576\" src=\"http:\/\/armstrongyregion.com.ar\/diario\/wp-content\/uploads\/2018\/03\/Gramigna-Urquia-foto-.jpg\" alt=\"\" class=\"wp-image-16513\" srcset=\"https:\/\/armstrongyregion.com.ar\/diario\/wp-content\/uploads\/2018\/03\/Gramigna-Urquia-foto-.jpg 768w, https:\/\/armstrongyregion.com.ar\/diario\/wp-content\/uploads\/2018\/03\/Gramigna-Urquia-foto--300x225.jpg 300w\" sizes=\"auto, (max-width: 768px) 100vw, 768px\" \/><\/figure>\n\n\n\n<p>Los Concejales Emiliano Gramigna y Jes\u00fas Urqu\u00eda presentaron una nota al Intendente Municipal con la finalidad de manifestar su colaboraci\u00f3n en la Gesti\u00f3n para que los Bomberos Voluntarios sean Incluidos dentro del Programa de Vacunaci\u00f3n \u201cSanta Fe Vacuna\u201d contra el COVID-19.<\/p>\n\n\n\n<p>Manifestaron considerar su servicio como Esencial ya que garantiza seguridad e integridad a todos los ciudadanos de Armstrong.&nbsp;<\/p>\n\n\n\n<p>Al ser consultados expresaron que realizar\u00e1n similar pedido y colaboraci\u00f3n de gesti\u00f3n ante autoridades provinciales y departamentales.<\/p>\n","protected":false},"excerpt":{"rendered":"<p>Los Concejales Emiliano Gramigna y Jes\u00fas Urqu\u00eda presentaron una nota al Intendente Municipal con la finalidad de manifestar su colaboraci\u00f3n en la Gesti\u00f3n para que los Bomberos Voluntarios sean Incluidos dentro del Programa de Vacunaci\u00f3n \u201cSanta Fe Vacuna\u201d contra el COVID-19. Manifestaron considerar su servicio como Esencial ya que garantiza seguridad e integridad a todos <a href=\"https:\/\/armstrongyregion.com.ar\/diario\/gramigna-y-urquia-solicitaron-incluir-en-el-plan-de-vacunacion-a-bomberos-voluntarios\/\" title=\"Read more\" >&#8230;<\/a><\/p>\n","protected":false},"author":1,"featured_media":16513,"comment_status":"open","ping_status":"open","sticky":false,"template":"","format":"image","meta":{"_jetpack_memberships_contains_paid_content":false,"footnotes":"","jetpack_publicize_message":"","jetpack_publicize_feature_enabled":true,"jetpack_social_post_already_shared":true,"jetpack_social_options":{"image_generator_settings":{"template":"highway","default_image_id":0,"enabled":false},"version":2}},"categories":[8,1,2,7],"tags":[],"class_list":["post-30149","post","type-post","status-publish","format-image","has-post-thumbnail","hentry","category-deliberando","category-diario-armstrong","category-locales","category-politica","post_format-post-format-image"],"jetpack_publicize_connections":[],"jetpack_featured_media_url":"https:\/\/armstrongyregion.com.ar\/diario\/wp-content\/uploads\/2018\/03\/Gramigna-Urquia-foto-.jpg","jetpack_shortlink":"https:\/\/wp.me\/p62QDO-7Qh","jetpack_sharing_enabled":true,"amp_enabled":true,"_links":{"self":[{"href":"https:\/\/armstrongyregion.com.ar\/diario\/wp-json\/wp\/v2\/posts\/30149","targetHints":{"allow":["GET"]}}],"collection":[{"href":"https:\/\/armstrongyregion.com.ar\/diario\/wp-json\/wp\/v2\/posts"}],"about":[{"href":"https:\/\/armstrongyregion.com.ar\/diario\/wp-json\/wp\/v2\/types\/post"}],"author":[{"embeddable":true,"href":"https:\/\/armstrongyregion.com.ar\/diario\/wp-json\/wp\/v2\/users\/1"}],"replies":[{"embeddable":true,"href":"https:\/\/armstrongyregion.com.ar\/diario\/wp-json\/wp\/v2\/comments?post=30149"}],"version-history":[{"count":1,"href":"https:\/\/armstrongyregion.com.ar\/diario\/wp-json\/wp\/v2\/posts\/30149\/revisions"}],"predecessor-version":[{"id":30150,"href":"https:\/\/armstrongyregion.com.ar\/diario\/wp-json\/wp\/v2\/posts\/30149\/revisions\/30150"}],"wp:featuredmedia":[{"embeddable":true,"href":"https:\/\/armstrongyregion.com.ar\/diario\/wp-json\/wp\/v2\/media\/16513"}],"wp:attachment":[{"href":"https:\/\/armstrongyregion.com.ar\/diario\/wp-json\/wp\/v2\/media?parent=30149"}],"wp:term":[{"taxonomy":"category","embeddable":true,"href":"https:\/\/armstrongyregion.com.ar\/diario\/wp-json\/wp\/v2\/categories?post=30149"},{"taxonomy":"post_tag","embeddable":true,"href":"https:\/\/armstrongyregion.com.ar\/diario\/wp-json\/wp\/v2\/tags?post=30149"}],"curies":[{"name":"wp","href":"https:\/\/api.w.org\/{rel}","templated":true}]}}