{"id":3010,"date":"2015-07-12T20:25:22","date_gmt":"2015-07-12T20:25:22","guid":{"rendered":"https:\/\/armstrongyregion.com.ar\/diario\/?p=3010"},"modified":"2015-07-12T20:25:22","modified_gmt":"2015-07-12T20:25:22","slug":"diego-mansilla-en-santa-fe-y-san-javier","status":"publish","type":"post","link":"https:\/\/armstrongyregion.com.ar\/diario\/diego-mansilla-en-santa-fe-y-san-javier\/","title":{"rendered":"Diego Mansilla en Santa Fe y San Javier."},"content":{"rendered":"<p><a href=\"http:\/\/armstrongyregion.com.ar\/diario\/wp-content\/uploads\/2015\/07\/diego-mansilla-recorrida-1107.jpg\"><img loading=\"lazy\" decoding=\"async\" class=\"alignnone size-medium wp-image-3011\" src=\"http:\/\/armstrongyregion.com.ar\/diario\/wp-content\/uploads\/2015\/07\/diego-mansilla-recorrida-1107-300x168.jpg\" alt=\"diego mansilla recorrida 1107\" width=\"300\" height=\"168\" srcset=\"https:\/\/armstrongyregion.com.ar\/diario\/wp-content\/uploads\/2015\/07\/diego-mansilla-recorrida-1107-300x168.jpg 300w, https:\/\/armstrongyregion.com.ar\/diario\/wp-content\/uploads\/2015\/07\/diego-mansilla-recorrida-1107.jpg 960w\" sizes=\"auto, (max-width: 300px) 100vw, 300px\" \/><\/a>\u201cVenimos construyendo un proyecto com\u00fan con nuestros hermanos de la Patria Grande\u201d<\/p>\n<p>\u201cAcompa\u00f1amos y promovemos todos los emprendimientos para seguir creciendo, para seguir generando empleo, para seguir distribuyendo equitativamente, para seguir incluyendo; y en esto venimos construyendo un proyecto com\u00fan con nuestros hermanos de la Patria Grande latinoamericana, esa Patria Grande que el papa Francisco est\u00e1 reivindicando en estos d\u00edas\u201d, dijo Diego Mansilla, candidato al Parlasur por el Frente para la Victoria de la provincia de Santa Fe, tras reunirse con trabajadores de la empresa recuperada Naranpol, en la capital provincial; y con productores arroceros y dirigentes de la Cooperativa de Servicios de la ciudad de San Javier.<br \/>\n\u201cLa integraci\u00f3n parlamentaria continental es un paso enorme para la consolidaci\u00f3n de un bloque regional a trav\u00e9s de la integraci\u00f3n, de la complementaci\u00f3n, para fortalecer las pol\u00edticas de recuperaci\u00f3n del trabajo y la dignidad para millones de latinoamericanos. Y en esto son los propios pueblos los principales protagonistas, como lo demuestran, por ejemplo, estos trabajadores que asumieron el esfuerzo de ponerse al frente y continuar la producci\u00f3n de una empresa importante, reconocida\u201d, sostuvo Mansilla, al visitar ayer la f\u00e1brica de Naranpol junto con los dirigentes santafesinos Nacho Pacheco y Mario Gonz\u00e1lez.<br \/>\nEn San Javier, en tanto, el intendente de Las Parejas y postulante al Parlasur fue recibido por el concejal y candidato a diputado nacional Norberto Ruscitti y se reuni\u00f3 con dirigentes de la Cooperativa de Servicios local y de la Asociaci\u00f3n Santafesina de Productores de Arroz.<br \/>\n\u201cLa fuerza de los trabajadores, de los productores, de los peque\u00f1os y medianos empresarios, de los profesionales, los cient\u00edficos, los artistas, los intelectuales, los deportistas, es la base para continuar la transformaci\u00f3n nacional que conduce la Presidenta y que comenzamos de la mano de N\u00e9stor Kirchner. Todos estos sectores, las grandes mayor\u00edas, no quieren la vuelta a las \u00e9pocas de ajustes, recortes y exclusiones; por eso es tan notable el crecimiento del apoyo a nuestra f\u00f3rmula presidencial de Daniel Scioli y Carlos Zannini, a nuestras en la provincia de Santa Fe encabezadas por Marcos Cleri y Omar Perotti\u201d, remarc\u00f3 Mansilla.<\/p>\n","protected":false},"excerpt":{"rendered":"<p>\u201cVenimos construyendo un proyecto com\u00fan con nuestros hermanos de la Patria Grande\u201d \u201cAcompa\u00f1amos y promovemos todos los emprendimientos para seguir creciendo, para seguir generando empleo, para seguir distribuyendo equitativamente, para seguir incluyendo; y en esto venimos construyendo un proyecto com\u00fan con nuestros hermanos de la Patria Grande latinoamericana, esa Patria Grande que el papa Francisco <a href=\"https:\/\/armstrongyregion.com.ar\/diario\/diego-mansilla-en-santa-fe-y-san-javier\/\" title=\"Read more\" >&#8230;<\/a><\/p>\n","protected":false},"author":2,"featured_media":3011,"comment_status":"open","ping_status":"open","sticky":false,"template":"","format":"standard","meta":{"_jetpack_memberships_contains_paid_content":false,"footnotes":"","jetpack_publicize_message":"","jetpack_publicize_feature_enabled":true,"jetpack_social_post_already_shared":false,"jetpack_social_options":{"image_generator_settings":{"template":"highway","default_image_id":0,"enabled":false},"version":2}},"categories":[1,2,7],"tags":[990,15,77,1565,991,284,399,13],"class_list":["post-3010","post","type-post","status-publish","format-standard","has-post-thumbnail","hentry","category-diario-armstrong","category-locales","category-politica","tag-diego","tag-en","tag-fe","tag-javier","tag-mansilla","tag-san","tag-santa","tag-y"],"jetpack_publicize_connections":[],"jetpack_featured_media_url":"https:\/\/armstrongyregion.com.ar\/diario\/wp-content\/uploads\/2015\/07\/diego-mansilla-recorrida-1107.jpg","jetpack_shortlink":"https:\/\/wp.me\/p62QDO-My","jetpack_sharing_enabled":true,"amp_enabled":true,"_links":{"self":[{"href":"https:\/\/armstrongyregion.com.ar\/diario\/wp-json\/wp\/v2\/posts\/3010","targetHints":{"allow":["GET"]}}],"collection":[{"href":"https:\/\/armstrongyregion.com.ar\/diario\/wp-json\/wp\/v2\/posts"}],"about":[{"href":"https:\/\/armstrongyregion.com.ar\/diario\/wp-json\/wp\/v2\/types\/post"}],"author":[{"embeddable":true,"href":"https:\/\/armstrongyregion.com.ar\/diario\/wp-json\/wp\/v2\/users\/2"}],"replies":[{"embeddable":true,"href":"https:\/\/armstrongyregion.com.ar\/diario\/wp-json\/wp\/v2\/comments?post=3010"}],"version-history":[{"count":0,"href":"https:\/\/armstrongyregion.com.ar\/diario\/wp-json\/wp\/v2\/posts\/3010\/revisions"}],"wp:featuredmedia":[{"embeddable":true,"href":"https:\/\/armstrongyregion.com.ar\/diario\/wp-json\/wp\/v2\/media\/3011"}],"wp:attachment":[{"href":"https:\/\/armstrongyregion.com.ar\/diario\/wp-json\/wp\/v2\/media?parent=3010"}],"wp:term":[{"taxonomy":"category","embeddable":true,"href":"https:\/\/armstrongyregion.com.ar\/diario\/wp-json\/wp\/v2\/categories?post=3010"},{"taxonomy":"post_tag","embeddable":true,"href":"https:\/\/armstrongyregion.com.ar\/diario\/wp-json\/wp\/v2\/tags?post=3010"}],"curies":[{"name":"wp","href":"https:\/\/api.w.org\/{rel}","templated":true}]}}