{"id":30089,"date":"2021-05-10T02:22:51","date_gmt":"2021-05-10T02:22:51","guid":{"rendered":"https:\/\/armstrongyregion.com.ar\/diario\/?p=30089"},"modified":"2021-05-10T02:23:30","modified_gmt":"2021-05-10T02:23:30","slug":"miguel-lifschitz-el-ingeniero-correcaminos","status":"publish","type":"post","link":"https:\/\/armstrongyregion.com.ar\/diario\/miguel-lifschitz-el-ingeniero-correcaminos\/","title":{"rendered":"Miguel Lifschitz, el ingeniero correcaminos."},"content":{"rendered":"\n<figure class=\"wp-block-image size-large\"><img loading=\"lazy\" decoding=\"async\" width=\"642\" height=\"430\" src=\"http:\/\/armstrongyregion.com.ar\/diario\/wp-content\/uploads\/2021\/05\/el-ex-gobernador-santa-fe.jpeg\" alt=\"\" class=\"wp-image-30090\" srcset=\"https:\/\/armstrongyregion.com.ar\/diario\/wp-content\/uploads\/2021\/05\/el-ex-gobernador-santa-fe.jpeg 642w, https:\/\/armstrongyregion.com.ar\/diario\/wp-content\/uploads\/2021\/05\/el-ex-gobernador-santa-fe-300x201.jpeg 300w\" sizes=\"auto, (max-width: 642px) 100vw, 642px\" \/><figcaption>Fotograf\u00eda del Ex-Gobernador Miguel Lifschitz\/ Por Angel Amaya.<\/figcaption><\/figure>\n\n\n\n<h2 class=\"wp-block-heading\"> El socialista exorciz\u00f3 la siempre dolorosa salida del poder haciendo lo que m\u00e1s le gustaba: el contacto directo con los santafesinos.<\/h2>\n\n\n\n<p><strong>\u00abDe todo lo que hice desde 2015, no me arrepiento de nada\u00bb<\/strong>. De ese modo,&nbsp;<strong>Miguel Lifschitz<\/strong>&nbsp;se desped\u00eda de la Casa Gris a fines de 2019, durante la \u00faltima entrevista concedida a&nbsp;<strong>La Capital<\/strong>&nbsp;como gobernador de Santa Fe. Pocos meses antes, el Frente Progresista (FPCyS) hab\u00eda recibido una dur\u00edsima cachetada electoral que redund\u00f3 en el regreso del justicialismo al mando de la provincia despu\u00e9s de doce a\u00f1os.<\/p>\n\n\n\n<p>Fiel a su estilo, el socialista&nbsp;<strong>busc\u00f3 exorcizar la salida del poder&nbsp;<\/strong>-siempre compleja para los pol\u00edticos- con un prudencial silencio inicial, pero ya decidido a erigir el Frente Progresista como un s\u00f3lido bloque opositor, sustentado por la mayor\u00eda en la C\u00e1mara baja (que qued\u00f3 bajo su direcci\u00f3n) y la preponderancia de la coalici\u00f3n en las ciudades m\u00e1s importantes de la provincia.<\/p>\n\n\n\n<p>Pero Lifschitz, entonado por haberse levantado del sill\u00f3n del Brigadier L\u00f3pez con un&nbsp;<strong>alto \u00edndice de imagen positiva<\/strong>, retom\u00f3 la rutina desplegada durante sus a\u00f1os al frente de la Municipalidad de Rosario y, posteriormente, de la Gobernaci\u00f3n:&nbsp;<strong>el contacto directo con la gente<\/strong>.<\/p>\n\n\n\n<p>Entonces, pis\u00f3 el acelerador y encar\u00f3 rutas y autopistas en plan de gira silenciosa por la bota santafesina. El objetivo:&nbsp;<strong>mantener unificada a la tropa frentista&nbsp;<\/strong>en una fase poselectoral que, en otros casos, desemboc\u00f3 en un desbande dirigencial.<\/p>\n\n\n\n<p>En ese contexto, el socialista<strong>&nbsp;emprendi\u00f3 un largo e intenso periplo por ciudades y localidades de toda la provincia<\/strong>, solamente interrumpido por una labor parlamentaria complejizada por la pandemia de Covid-19. La abultada agenda lo mantuvo ocupado de lunes a viernes, e incluso muchos fines de semana, visitando intendentes y dirigentes territoriales.<\/p>\n\n\n\n<p><strong>\u201cEntraba al auto y al toque arranc\u00e1bamos. A los pocos minutos, Miguel ya estaba dormido sentado, con la mano derecha aferrada a la peque\u00f1a manija que est\u00e1 sobre la puerta. Apenas lleg\u00e1bamos a destino, activaba. Y no paraba hasta el regreso, a la tardecita o noche\u201d<\/strong>, confes\u00f3 hace poco un allegado al ex gobernador acerca de la vertiginosa jornada laboral, que arrancaba entre las 6 y las 7.<\/p>\n\n\n\n<p>Fue en esas primeras recorridas que Lifschitz comenz\u00f3 a deslizar a determinados socios pol\u00edticos que&nbsp;<strong>encabezar\u00eda la lista de senadores nacionales<\/strong>&nbsp;por el espacio progresista.<\/p>\n\n\n\n<p>En paralelo,<strong>&nbsp;marc\u00f3 la cancha<\/strong>&nbsp;a los aliados frentistas que propiciaron un acuerdo con Juntos por el Cambio (JxC), al igual que los propios que apostaron a un acercamiento al kirchnerismo.&nbsp;<strong>Dar pelea pol\u00edtica por afuera de la grieta<\/strong>&nbsp;fue la premisa a seguir, mientras crec\u00eda el convencimiento de que una cosa ser\u00edan las elecciones a senador con Lifschitz candidato y otra sin su presencia en la grilla.<\/p>\n\n\n\n<p><strong>Sin pausa.\u00a0<\/strong>Esa fue la impronta de un hombre capaz de perseguir el objetivo de visitar la totalidad de ciudades y pueblos de la provincia durante cuatro a\u00f1os y, al mismo tiempo, mirar al interlocutor de turno y decirle:\u00a0<strong>\u201cNo te vayas de Santa Fe sin probar una milanesa de Surub\u00ed\u201d<\/strong>.<\/p>\n\n\n\n<figure class=\"wp-block-image\"><a href=\"https:\/\/www.lacapital.com.ar\/javier-felcaro-p237.html\"><img decoding=\"async\" src=\"https:\/\/media.lacapital.com.ar\/p\/13dc7e62c35e98d8d49cfca47ceac88f\/adjuntos\/203\/autores\/011\/434\/0011434184\/javier-felcaro.jpg\" alt=\"Javier Felcaro\"\/><\/a><\/figure>\n\n\n\n<p>Por\u00a0<a href=\"https:\/\/www.lacapital.com.ar\/javier-felcaro-p237.html\">Javier Felcaro<\/a><\/p>\n","protected":false},"excerpt":{"rendered":"<p>El socialista exorciz\u00f3 la siempre dolorosa salida del poder haciendo lo que m\u00e1s le gustaba: el contacto directo con los santafesinos. \u00abDe todo lo que hice desde 2015, no me arrepiento de nada\u00bb. De ese modo,&nbsp;Miguel Lifschitz&nbsp;se desped\u00eda de la Casa Gris a fines de 2019, durante la \u00faltima entrevista concedida a&nbsp;La Capital&nbsp;como gobernador de <a href=\"https:\/\/armstrongyregion.com.ar\/diario\/miguel-lifschitz-el-ingeniero-correcaminos\/\" title=\"Read more\" >&#8230;<\/a><\/p>\n","protected":false},"author":1,"featured_media":30090,"comment_status":"open","ping_status":"open","sticky":false,"template":"","format":"image","meta":{"_jetpack_memberships_contains_paid_content":false,"footnotes":"","jetpack_publicize_message":"","jetpack_publicize_feature_enabled":true,"jetpack_social_post_already_shared":true,"jetpack_social_options":{"image_generator_settings":{"template":"highway","default_image_id":0,"enabled":false},"version":2}},"categories":[8,1,2,7,3],"tags":[],"class_list":["post-30089","post","type-post","status-publish","format-image","has-post-thumbnail","hentry","category-deliberando","category-diario-armstrong","category-locales","category-politica","category-region","post_format-post-format-image"],"jetpack_publicize_connections":[],"jetpack_featured_media_url":"https:\/\/armstrongyregion.com.ar\/diario\/wp-content\/uploads\/2021\/05\/el-ex-gobernador-santa-fe.jpeg","jetpack_shortlink":"https:\/\/wp.me\/p62QDO-7Pj","jetpack_sharing_enabled":true,"amp_enabled":true,"_links":{"self":[{"href":"https:\/\/armstrongyregion.com.ar\/diario\/wp-json\/wp\/v2\/posts\/30089","targetHints":{"allow":["GET"]}}],"collection":[{"href":"https:\/\/armstrongyregion.com.ar\/diario\/wp-json\/wp\/v2\/posts"}],"about":[{"href":"https:\/\/armstrongyregion.com.ar\/diario\/wp-json\/wp\/v2\/types\/post"}],"author":[{"embeddable":true,"href":"https:\/\/armstrongyregion.com.ar\/diario\/wp-json\/wp\/v2\/users\/1"}],"replies":[{"embeddable":true,"href":"https:\/\/armstrongyregion.com.ar\/diario\/wp-json\/wp\/v2\/comments?post=30089"}],"version-history":[{"count":2,"href":"https:\/\/armstrongyregion.com.ar\/diario\/wp-json\/wp\/v2\/posts\/30089\/revisions"}],"predecessor-version":[{"id":30092,"href":"https:\/\/armstrongyregion.com.ar\/diario\/wp-json\/wp\/v2\/posts\/30089\/revisions\/30092"}],"wp:featuredmedia":[{"embeddable":true,"href":"https:\/\/armstrongyregion.com.ar\/diario\/wp-json\/wp\/v2\/media\/30090"}],"wp:attachment":[{"href":"https:\/\/armstrongyregion.com.ar\/diario\/wp-json\/wp\/v2\/media?parent=30089"}],"wp:term":[{"taxonomy":"category","embeddable":true,"href":"https:\/\/armstrongyregion.com.ar\/diario\/wp-json\/wp\/v2\/categories?post=30089"},{"taxonomy":"post_tag","embeddable":true,"href":"https:\/\/armstrongyregion.com.ar\/diario\/wp-json\/wp\/v2\/tags?post=30089"}],"curies":[{"name":"wp","href":"https:\/\/api.w.org\/{rel}","templated":true}]}}