{"id":30087,"date":"2021-05-10T02:07:05","date_gmt":"2021-05-10T02:07:05","guid":{"rendered":"https:\/\/armstrongyregion.com.ar\/diario\/?p=30087"},"modified":"2021-05-10T02:07:09","modified_gmt":"2021-05-10T02:07:09","slug":"el-gobierno-de-la-provincia-decreta-duelo-en-todo-el-territorio-santafesino-ante-el-fallecimiento-del-ex-gobernador-miguel-lifschitz","status":"publish","type":"post","link":"https:\/\/armstrongyregion.com.ar\/diario\/el-gobierno-de-la-provincia-decreta-duelo-en-todo-el-territorio-santafesino-ante-el-fallecimiento-del-ex-gobernador-miguel-lifschitz\/","title":{"rendered":"El gobierno de la provincia decreta duelo en todo el territorio santafesino ante el fallecimiento del ex gobernador Miguel Lifschitz."},"content":{"rendered":"\n<figure class=\"wp-block-image size-large\"><img loading=\"lazy\" decoding=\"async\" width=\"847\" height=\"476\" src=\"http:\/\/armstrongyregion.com.ar\/diario\/wp-content\/uploads\/2016\/12\/lifschitz9999.jpg_1305449671.jpg\" alt=\"\" class=\"wp-image-11081\" srcset=\"https:\/\/armstrongyregion.com.ar\/diario\/wp-content\/uploads\/2016\/12\/lifschitz9999.jpg_1305449671.jpg 847w, https:\/\/armstrongyregion.com.ar\/diario\/wp-content\/uploads\/2016\/12\/lifschitz9999.jpg_1305449671-300x169.jpg 300w\" sizes=\"auto, (max-width: 847px) 100vw, 847px\" \/><\/figure>\n\n\n\n<h2 class=\"wp-block-heading\"> Ser\u00e1 por el t\u00e9rmino de 48 horas. <\/h2>\n\n\n\n<p>\n\nEl gobierno de la provincia de Santa Fe, a trav\u00e9s del Decreto N\u00b0 459 firmado por el gobernador Omar Perotti, decret\u00f3&nbsp;duelo en todo el territorio de la Provincia de Santa Fe, por el t\u00e9rmino de 48 horas, como consecuencia del fallecimiento del Ing. Roberto Miguel Lifschitz.&nbsp;<\/p>\n\n\n\n<p>Asimismo, se dispondr\u00e1 que la Bandera Nacional y de la Provincia de Santa Fe, permanezcan a media asta en todos los edif\u00edcios p\u00fablicos provinciales durante el per\u00edodo de duelo.<\/p>\n","protected":false},"excerpt":{"rendered":"<p>Ser\u00e1 por el t\u00e9rmino de 48 horas. El gobierno de la provincia de Santa Fe, a trav\u00e9s del Decreto N\u00b0 459 firmado por el gobernador Omar Perotti, decret\u00f3&nbsp;duelo en todo el territorio de la Provincia de Santa Fe, por el t\u00e9rmino de 48 horas, como consecuencia del fallecimiento del Ing. Roberto Miguel Lifschitz.&nbsp; Asimismo, se <a href=\"https:\/\/armstrongyregion.com.ar\/diario\/el-gobierno-de-la-provincia-decreta-duelo-en-todo-el-territorio-santafesino-ante-el-fallecimiento-del-ex-gobernador-miguel-lifschitz\/\" title=\"Read more\" >&#8230;<\/a><\/p>\n","protected":false},"author":1,"featured_media":11081,"comment_status":"open","ping_status":"open","sticky":false,"template":"","format":"image","meta":{"_jetpack_memberships_contains_paid_content":false,"footnotes":"","jetpack_publicize_message":"","jetpack_publicize_feature_enabled":true,"jetpack_social_post_already_shared":true,"jetpack_social_options":{"image_generator_settings":{"template":"highway","default_image_id":0,"enabled":false},"version":2}},"categories":[8,1,2,7,3],"tags":[],"class_list":["post-30087","post","type-post","status-publish","format-image","has-post-thumbnail","hentry","category-deliberando","category-diario-armstrong","category-locales","category-politica","category-region","post_format-post-format-image"],"jetpack_publicize_connections":[],"jetpack_featured_media_url":"https:\/\/armstrongyregion.com.ar\/diario\/wp-content\/uploads\/2016\/12\/lifschitz9999.jpg_1305449671.jpg","jetpack_shortlink":"https:\/\/wp.me\/p62QDO-7Ph","jetpack_sharing_enabled":true,"amp_enabled":true,"_links":{"self":[{"href":"https:\/\/armstrongyregion.com.ar\/diario\/wp-json\/wp\/v2\/posts\/30087","targetHints":{"allow":["GET"]}}],"collection":[{"href":"https:\/\/armstrongyregion.com.ar\/diario\/wp-json\/wp\/v2\/posts"}],"about":[{"href":"https:\/\/armstrongyregion.com.ar\/diario\/wp-json\/wp\/v2\/types\/post"}],"author":[{"embeddable":true,"href":"https:\/\/armstrongyregion.com.ar\/diario\/wp-json\/wp\/v2\/users\/1"}],"replies":[{"embeddable":true,"href":"https:\/\/armstrongyregion.com.ar\/diario\/wp-json\/wp\/v2\/comments?post=30087"}],"version-history":[{"count":1,"href":"https:\/\/armstrongyregion.com.ar\/diario\/wp-json\/wp\/v2\/posts\/30087\/revisions"}],"predecessor-version":[{"id":30088,"href":"https:\/\/armstrongyregion.com.ar\/diario\/wp-json\/wp\/v2\/posts\/30087\/revisions\/30088"}],"wp:featuredmedia":[{"embeddable":true,"href":"https:\/\/armstrongyregion.com.ar\/diario\/wp-json\/wp\/v2\/media\/11081"}],"wp:attachment":[{"href":"https:\/\/armstrongyregion.com.ar\/diario\/wp-json\/wp\/v2\/media?parent=30087"}],"wp:term":[{"taxonomy":"category","embeddable":true,"href":"https:\/\/armstrongyregion.com.ar\/diario\/wp-json\/wp\/v2\/categories?post=30087"},{"taxonomy":"post_tag","embeddable":true,"href":"https:\/\/armstrongyregion.com.ar\/diario\/wp-json\/wp\/v2\/tags?post=30087"}],"curies":[{"name":"wp","href":"https:\/\/api.w.org\/{rel}","templated":true}]}}