{"id":30080,"date":"2021-05-08T22:36:53","date_gmt":"2021-05-08T22:36:53","guid":{"rendered":"https:\/\/armstrongyregion.com.ar\/diario\/?p=30080"},"modified":"2021-05-08T22:36:56","modified_gmt":"2021-05-08T22:36:56","slug":"lifschitz-continua-con-un-cuadro-critico-con-asistencia-respiratoria","status":"publish","type":"post","link":"https:\/\/armstrongyregion.com.ar\/diario\/lifschitz-continua-con-un-cuadro-critico-con-asistencia-respiratoria\/","title":{"rendered":"Lifschitz contin\u00faa con un cuadro cr\u00edtico con asistencia respiratoria."},"content":{"rendered":"\n<figure class=\"wp-block-image size-large\"><img loading=\"lazy\" decoding=\"async\" width=\"768\" height=\"433\" src=\"http:\/\/armstrongyregion.com.ar\/diario\/wp-content\/uploads\/2020\/04\/Lifschitz-.jpg\" alt=\"\" class=\"wp-image-25565\" srcset=\"https:\/\/armstrongyregion.com.ar\/diario\/wp-content\/uploads\/2020\/04\/Lifschitz-.jpg 768w, https:\/\/armstrongyregion.com.ar\/diario\/wp-content\/uploads\/2020\/04\/Lifschitz--300x169.jpg 300w\" sizes=\"auto, (max-width: 768px) 100vw, 768px\" \/><\/figure>\n\n\n\n<p> En el \u00faltimo parte m\u00e9dico se inform\u00f3 que el estado de salud del ex gobernador sigue siendo delicada. \u201cEl paciente permanecer\u00e1 recibiendo todas las estrategias terap\u00e9uticas correspondientes\u201d, indicaron los m\u00e9dicos.<\/p>\n\n\n\n<p> E<strong>l ex gobernador de Santa Fe, Miguel Lifschitz contin\u00faa internado en cuidados intensivos a causa de una complicaci\u00f3n pulmonar producto del coronavirus.<\/strong>\u00a0Seg\u00fan el \u00faltimo parte m\u00e9dico difundido este s\u00e1bado, su estado de salud contin\u00faa siendo grave. <\/p>\n\n\n\n<p>Miguel Lifschitz contin\u00faa internado en sala de cuidados intensivos, cursando un cuadro cr\u00edtico a causa del covid 19 que atraviesa.&nbsp;<strong>El equipo m\u00e9dico tratante determin\u00f3 que el paciente permanecer\u00e1 recibiendo todas las estrategias terap\u00e9uticas correspondientes, contando con el apoyo de asistencia mec\u00e1nica respiratoria<\/strong>\u201d, se\u00f1ala el reporte.<\/p>\n\n\n\n<figure class=\"wp-block-image\"><img decoding=\"async\" src=\"https:\/\/www.rosario3.com\/export\/sites\/rosario3\/img\/2021\/05\/01\/pasacalle_lifschitz_jpg_1756841869.jpg_623906023.jpg\" alt=\"\"\/><\/figure>\n\n\n\n<p> El actual presidente de la C\u00e1mara de Diputados provincial\u00a0<strong>lleva 20 d\u00edas internado en el sanatorio Parque de Rosario, 18 de ellos en la unidad de cuidados intensivos.<\/strong>\u00a0En los \u00faltimos d\u00edas, las muestras de apoyo se multiplicaron en redes sociales y tambi\u00e9n con pasacalles en la puerta de la cl\u00ednica. <\/p>\n","protected":false},"excerpt":{"rendered":"<p>En el \u00faltimo parte m\u00e9dico se inform\u00f3 que el estado de salud del ex gobernador sigue siendo delicada. \u201cEl paciente permanecer\u00e1 recibiendo todas las estrategias terap\u00e9uticas correspondientes\u201d, indicaron los m\u00e9dicos. El ex gobernador de Santa Fe, Miguel Lifschitz contin\u00faa internado en cuidados intensivos a causa de una complicaci\u00f3n pulmonar producto del coronavirus.\u00a0Seg\u00fan el \u00faltimo parte <a href=\"https:\/\/armstrongyregion.com.ar\/diario\/lifschitz-continua-con-un-cuadro-critico-con-asistencia-respiratoria\/\" title=\"Read more\" >&#8230;<\/a><\/p>\n","protected":false},"author":1,"featured_media":25565,"comment_status":"open","ping_status":"open","sticky":false,"template":"","format":"image","meta":{"_jetpack_memberships_contains_paid_content":false,"footnotes":"","jetpack_publicize_message":"","jetpack_publicize_feature_enabled":true,"jetpack_social_post_already_shared":true,"jetpack_social_options":{"image_generator_settings":{"template":"highway","default_image_id":0,"enabled":false},"version":2}},"categories":[8,1,2,7,3],"tags":[],"class_list":["post-30080","post","type-post","status-publish","format-image","has-post-thumbnail","hentry","category-deliberando","category-diario-armstrong","category-locales","category-politica","category-region","post_format-post-format-image"],"jetpack_publicize_connections":[],"jetpack_featured_media_url":"https:\/\/armstrongyregion.com.ar\/diario\/wp-content\/uploads\/2020\/04\/Lifschitz-.jpg","jetpack_shortlink":"https:\/\/wp.me\/p62QDO-7Pa","jetpack_sharing_enabled":true,"amp_enabled":true,"_links":{"self":[{"href":"https:\/\/armstrongyregion.com.ar\/diario\/wp-json\/wp\/v2\/posts\/30080","targetHints":{"allow":["GET"]}}],"collection":[{"href":"https:\/\/armstrongyregion.com.ar\/diario\/wp-json\/wp\/v2\/posts"}],"about":[{"href":"https:\/\/armstrongyregion.com.ar\/diario\/wp-json\/wp\/v2\/types\/post"}],"author":[{"embeddable":true,"href":"https:\/\/armstrongyregion.com.ar\/diario\/wp-json\/wp\/v2\/users\/1"}],"replies":[{"embeddable":true,"href":"https:\/\/armstrongyregion.com.ar\/diario\/wp-json\/wp\/v2\/comments?post=30080"}],"version-history":[{"count":1,"href":"https:\/\/armstrongyregion.com.ar\/diario\/wp-json\/wp\/v2\/posts\/30080\/revisions"}],"predecessor-version":[{"id":30081,"href":"https:\/\/armstrongyregion.com.ar\/diario\/wp-json\/wp\/v2\/posts\/30080\/revisions\/30081"}],"wp:featuredmedia":[{"embeddable":true,"href":"https:\/\/armstrongyregion.com.ar\/diario\/wp-json\/wp\/v2\/media\/25565"}],"wp:attachment":[{"href":"https:\/\/armstrongyregion.com.ar\/diario\/wp-json\/wp\/v2\/media?parent=30080"}],"wp:term":[{"taxonomy":"category","embeddable":true,"href":"https:\/\/armstrongyregion.com.ar\/diario\/wp-json\/wp\/v2\/categories?post=30080"},{"taxonomy":"post_tag","embeddable":true,"href":"https:\/\/armstrongyregion.com.ar\/diario\/wp-json\/wp\/v2\/tags?post=30080"}],"curies":[{"name":"wp","href":"https:\/\/api.w.org\/{rel}","templated":true}]}}