{"id":30047,"date":"2021-05-07T00:33:07","date_gmt":"2021-05-07T00:33:07","guid":{"rendered":"https:\/\/armstrongyregion.com.ar\/diario\/?p=30047"},"modified":"2021-05-07T00:33:11","modified_gmt":"2021-05-07T00:33:11","slug":"canada-de-gomez-municipio-y-policia-intensifican-acciones-de-control-en-la-ciudad","status":"publish","type":"post","link":"https:\/\/armstrongyregion.com.ar\/diario\/canada-de-gomez-municipio-y-policia-intensifican-acciones-de-control-en-la-ciudad\/","title":{"rendered":"Ca\u00f1ada de G\u00f3mez. Municipio y polic\u00eda intensifican acciones de control en la ciudad."},"content":{"rendered":"\n<figure class=\"wp-block-image size-large\"><img loading=\"lazy\" decoding=\"async\" width=\"640\" height=\"480\" src=\"http:\/\/armstrongyregion.com.ar\/diario\/wp-content\/uploads\/2021\/05\/WhatsApp-Image-2021-05-06-at-13.01.24.jpg\" alt=\"\" class=\"wp-image-30048\" srcset=\"https:\/\/armstrongyregion.com.ar\/diario\/wp-content\/uploads\/2021\/05\/WhatsApp-Image-2021-05-06-at-13.01.24.jpg 640w, https:\/\/armstrongyregion.com.ar\/diario\/wp-content\/uploads\/2021\/05\/WhatsApp-Image-2021-05-06-at-13.01.24-300x225.jpg 300w\" sizes=\"auto, (max-width: 640px) 100vw, 640px\" \/><\/figure>\n\n\n\n<p>\n\nSe acord\u00f3 que el Municipio asignar\u00e1 m\u00e1s personal de Tr\u00e1nsito y Guardia urbana y todo otro empleado o funcionario que considere necesario, para que, en colaboraci\u00f3n con las autoridades policiales, se intensifiquen las tareas de control de plazas y espacios p\u00fablicos, as\u00ed como tambi\u00e9n de fiestas y eventos no autorizados.<\/p>\n\n\n\n<p>Las nuevas medidas surgen de la reuni\u00f3n que mantuvieron este mediod\u00eda la intendenta Stella Cl\u00e9rici, el secretario de Gobierno, Juan Carlos Tocalli y autoridades de Guardia Urbana y Departamento Tr\u00e1nsito, con el jefe de la Unidad Regional X de Polic\u00eda, Mauro Bonomo.&nbsp; De inmediato se dispuso profundizar el trabajo conjunto, en lo que hace a mayores controles en restricciones municipales y provinciales en el marco de la emergencia sanitaria.\n\n<\/p>\n","protected":false},"excerpt":{"rendered":"<p>Se acord\u00f3 que el Municipio asignar\u00e1 m\u00e1s personal de Tr\u00e1nsito y Guardia urbana y todo otro empleado o funcionario que considere necesario, para que, en colaboraci\u00f3n con las autoridades policiales, se intensifiquen las tareas de control de plazas y espacios p\u00fablicos, as\u00ed como tambi\u00e9n de fiestas y eventos no autorizados. Las nuevas medidas surgen de <a href=\"https:\/\/armstrongyregion.com.ar\/diario\/canada-de-gomez-municipio-y-policia-intensifican-acciones-de-control-en-la-ciudad\/\" title=\"Read more\" >&#8230;<\/a><\/p>\n","protected":false},"author":1,"featured_media":30049,"comment_status":"open","ping_status":"open","sticky":false,"template":"","format":"image","meta":{"_jetpack_memberships_contains_paid_content":false,"footnotes":"","jetpack_publicize_message":"","jetpack_publicize_feature_enabled":true,"jetpack_social_post_already_shared":true,"jetpack_social_options":{"image_generator_settings":{"template":"highway","default_image_id":0,"enabled":false},"version":2}},"categories":[8,1,2852,7,3],"tags":[],"class_list":["post-30047","post","type-post","status-publish","format-image","has-post-thumbnail","hentry","category-deliberando","category-diario-armstrong","category-policiales","category-politica","category-region","post_format-post-format-image"],"jetpack_publicize_connections":[],"jetpack_featured_media_url":"https:\/\/armstrongyregion.com.ar\/diario\/wp-content\/uploads\/2021\/05\/WhatsApp-Image-2021-05-06-at-13.01.24-1.jpg","jetpack_shortlink":"https:\/\/wp.me\/p62QDO-7OD","jetpack_sharing_enabled":true,"amp_enabled":true,"_links":{"self":[{"href":"https:\/\/armstrongyregion.com.ar\/diario\/wp-json\/wp\/v2\/posts\/30047","targetHints":{"allow":["GET"]}}],"collection":[{"href":"https:\/\/armstrongyregion.com.ar\/diario\/wp-json\/wp\/v2\/posts"}],"about":[{"href":"https:\/\/armstrongyregion.com.ar\/diario\/wp-json\/wp\/v2\/types\/post"}],"author":[{"embeddable":true,"href":"https:\/\/armstrongyregion.com.ar\/diario\/wp-json\/wp\/v2\/users\/1"}],"replies":[{"embeddable":true,"href":"https:\/\/armstrongyregion.com.ar\/diario\/wp-json\/wp\/v2\/comments?post=30047"}],"version-history":[{"count":1,"href":"https:\/\/armstrongyregion.com.ar\/diario\/wp-json\/wp\/v2\/posts\/30047\/revisions"}],"predecessor-version":[{"id":30050,"href":"https:\/\/armstrongyregion.com.ar\/diario\/wp-json\/wp\/v2\/posts\/30047\/revisions\/30050"}],"wp:featuredmedia":[{"embeddable":true,"href":"https:\/\/armstrongyregion.com.ar\/diario\/wp-json\/wp\/v2\/media\/30049"}],"wp:attachment":[{"href":"https:\/\/armstrongyregion.com.ar\/diario\/wp-json\/wp\/v2\/media?parent=30047"}],"wp:term":[{"taxonomy":"category","embeddable":true,"href":"https:\/\/armstrongyregion.com.ar\/diario\/wp-json\/wp\/v2\/categories?post=30047"},{"taxonomy":"post_tag","embeddable":true,"href":"https:\/\/armstrongyregion.com.ar\/diario\/wp-json\/wp\/v2\/tags?post=30047"}],"curies":[{"name":"wp","href":"https:\/\/api.w.org\/{rel}","templated":true}]}}