{"id":30010,"date":"2021-05-05T00:04:04","date_gmt":"2021-05-05T00:04:04","guid":{"rendered":"https:\/\/armstrongyregion.com.ar\/diario\/?p=30010"},"modified":"2021-05-05T00:04:08","modified_gmt":"2021-05-05T00:04:08","slug":"covid-19-conferencia-de-medicos-directores-de-samco-del-departamento-belgrano","status":"publish","type":"post","link":"https:\/\/armstrongyregion.com.ar\/diario\/covid-19-conferencia-de-medicos-directores-de-samco-del-departamento-belgrano\/","title":{"rendered":"Covid 19: conferencia de m\u00e9dicos Directores de SAMCo del departamento Belgrano."},"content":{"rendered":"\n<figure class=\"wp-block-image size-large\"><img loading=\"lazy\" decoding=\"async\" width=\"640\" height=\"427\" src=\"http:\/\/armstrongyregion.com.ar\/diario\/wp-content\/uploads\/2021\/05\/IMG-20210504-WA0097.jpg\" alt=\"\" class=\"wp-image-30011\" srcset=\"https:\/\/armstrongyregion.com.ar\/diario\/wp-content\/uploads\/2021\/05\/IMG-20210504-WA0097.jpg 640w, https:\/\/armstrongyregion.com.ar\/diario\/wp-content\/uploads\/2021\/05\/IMG-20210504-WA0097-300x200.jpg 300w\" sizes=\"auto, (max-width: 640px) 100vw, 640px\" \/><\/figure>\n\n\n\n<h2 class=\"wp-block-heading\"> Con un sistema de salud casi colapsado y m\u00e9dicos que no dan abasto con jornadas extendidas de trabajo, insistieron en la importancia de la responsabilidad individual. <\/h2>\n\n\n\n<figure class=\"wp-block-embed-vimeo wp-block-embed is-type-video is-provider-vimeo wp-embed-aspect-4-3 wp-has-aspect-ratio\"><div class=\"wp-block-embed__wrapper\">\n<iframe loading=\"lazy\" title=\"Directores de SAMCo - Dpto. Belgrano\" src=\"https:\/\/player.vimeo.com\/video\/545102812?dnt=1&amp;app_id=122963\" width=\"492\" height=\"360\" frameborder=\"0\" allow=\"autoplay; fullscreen; picture-in-picture\" allowfullscreen><\/iframe>\n<\/div><\/figure>\n\n\n\n<p>Este martes en el COLP de Las Parejas se llev\u00f3 a cabo una conferencia de prensa brindada por los Directores de los SAMCo del Departamento Belgrano, Dra. Giovanna G\u00f3mez de Las Parejas, Dra. Ver\u00f3nica Barone de Armstrong y el Dr. Alejandro Luna de Las Rosas.<\/p>\n\n\n\n<p>A modo de bienvenida, el Intendente Horacio Compagnucci sostuvo que se siente la verdadera preocupaci\u00f3n que hay en las localidades del Departamento,&nbsp;<em>\u201clos m\u00e9dicos tienen el total apoyo por parte de la comunidad, tenemos que cuidar a cada profesional que tanto viene luchando para todos\u201d<\/em>, dijo;&nbsp;<em>\u201cen cuanto a las medidas se puede estar de acuerdo o no, pero no podemos tapar que la pandemia est\u00e1 pegando muy duro\u201d<\/em>, indic\u00f3.<\/p>\n\n\n\n<p>A su turno, la&nbsp;<strong>Dra. Barone coment\u00f3 que el SAMCo de Armstrong<\/strong>&nbsp;el a\u00f1o pasado fue elegido Centro Covid&nbsp;<em>\u201cy no fue f\u00e1cil para nadie, tuvimos poquito tiempo para acomodarnos y aprendemos cada d\u00eda, el a\u00f1o pasado fue dif\u00edcil pero este m\u00e1s a\u00fan porque venimos sin descanso y sin vacaciones, necesitamos ordenarnos y organizarnos\u201d,&nbsp;<\/em>expres\u00f3;&nbsp;<em>\u201cno hay camas, estamos colapsando, queremos que la gente sea responsable y tome conciencia, no es que no queramos recibir, no tenemos disponibles ni tampoco lugar como para ampliar, mucho menos profesionales para atender\u201d,&nbsp;<\/em>remarc\u00f3;<em>&nbsp;\u201cel n\u00famero de casos aumenta d\u00eda a d\u00eda y sobre todo es gente joven, pasa por la responsabilidad de cada uno\u201d,&nbsp;<\/em>agreg\u00f3 la profesional, al tiempo que indicaba que la vacuna&nbsp;<em>\u201cno previene el Covid y no nos va a salvar, solamente aliviar\u00e1 s\u00edntomas, apelamos a la buena voluntad y responsabilidad de todos para evitar contagios\u201d.<\/em><\/p>\n\n\n\n<p>La&nbsp;<strong>Directora del SAMCo Las Parejas, Dra. G\u00f3mez&nbsp;<\/strong>remarc\u00f3 que la situaci\u00f3n es muy complicada,&nbsp;<em>\u201ccon un porcentaje de letalidad mucho m\u00e1s alto, muchas complicaciones en pacientes j\u00f3venes y que requieren derivaci\u00f3n a terapia intensiva con un porcentaje de ocupaci\u00f3n mayor a 90%\u201d,<\/em>&nbsp;detall\u00f3;<em>&nbsp;\u201cnecesitamos que cada uno cumpla con las medidas sanitarias, barbijo, lavado de manos, distanciamiento social, es lo b\u00e1sico para que todo esto mejore y que quien requiera atenci\u00f3n la pueda tener en tiempo y forma, estamos abocados a urgencias, no queremos asustar pero s\u00ed concientizar\u201d,&nbsp;<\/em>manifest\u00f3<em>; \u201cestamos con un \u00edndice de circulaci\u00f3n viral alto, tratemos de quedarnos en casa el mayor tiempo posible porque necesitamos de la ayuda de todos, los m\u00e9dicos de guardia salen de una guardia, entran en otra, est\u00e1n agotados al igual que las enfermeras\u201d,<\/em>&nbsp;sostuvo.<em>&nbsp;\u201cSi hay una persona que presenta s\u00edntomas, hay que aislarse y comunicarse al 100, pedimos solidaridad y responsabilidad, demos tiempo a que el plan de vacunaci\u00f3n siga avanzando, estos d\u00edas recibiremos m\u00e1s dosis, necesitamos disminuir la circulaci\u00f3n para que bajen los contagios\u201d<\/em>, remarc\u00f3 la Dra.<\/p>\n\n\n\n<p>&nbsp;<br>El&nbsp;<strong>Dr. Luna del SAMCo de Las Rosas,<\/strong>&nbsp;por su parte, recalc\u00f3 que el pedido es com\u00fan,<em>&nbsp;\u201ctenemos un elevado n\u00famero de casos con un rango etario que ha bajado, con complicaciones agresivas en algunos casos, la saturaci\u00f3n en terapias es importante, ac\u00e1 no importa la obra social o si sos sin recursos, no se consiguen camas, esto afecta a todos los sectores sociales, evitemos las reuniones, usemos el barbijo en forma permanente y debemos tratar de no permanecer mucho tiempo en lugares cerrados, tenemos que ser cautos y ser responsable de evitar m\u00e1s contagios\u201d<\/em>, agreg\u00f3,<\/p>\n\n\n\n<p>Sobre la situaci\u00f3n concreta de Armstrong, su Directora inform\u00f3 que al presente&nbsp;<em>\u201ctenemos 8 camas en terapia con 8 respiradores, 12 camas en sala general Covid y 12 en sala general, el 95% de la terapia funciona con camas completas y el 100% funciona cama completa, se puede extender el n\u00famero de camas, pero no hay gente para que pueda trabajar y atender al paciente como corresponde\u201d,&nbsp;<\/em>expres\u00f3<em>; \u201cno hay que tener miedo pero s\u00ed respeto, estamos colapsados, todos los d\u00edas informamos la cantidad de camas disponibles y es terrible ver que queda una por ciudad y la cantidad de contagios es cada vez mayor\u201d,&nbsp;<\/em>indic\u00f3, remarcando que el personal de salud&nbsp;<em>\u201chace falta en toda la Argentina, no damos abasto con la cantidad de m\u00e9dicos, la mayor\u00eda son de guardia y van de guardia en guardia, totalmente exhaustos\u201d<\/em>, dijo.<\/p>\n\n\n\n<p>Respecto de la provisi\u00f3n de ox\u00edgeno, en Las Rosas&nbsp;<em>\u201cse adquirieron garrafones y a\u00fan no lleg\u00f3 a faltar\u201d<\/em>, dijo su Director, mientras que en Las Parejas&nbsp;<em>\u201ctenemos disponibilidad y hemos comprado mayor cantidad previendo lo que sucede ya que las grandes empresas que proveen anunciaron que est\u00e1n en falta<\/em>\u201d, dijo la Dra. G\u00f3mez.<\/p>\n\n\n\n<p>Consultados sobre qu\u00e9 medidas tomar\u00edan m\u00e1s all\u00e1 de las que tomaron las autoridades, los Directores coincidieron en que no importan las medidas que se tomen&nbsp;<em>\u201csi la gente no toma conciencia, no podemos ponerle un polic\u00eda a cada ciudadano, podemos prohibir todo, pero si el ciudadano no toma conciencia, no tiene sentido\u201d,&nbsp;<\/em>sostuvieron, remarcando el uso correcto del barbijo<em>&nbsp;\u201ctapando nariz, ment\u00f3n y boca, no permanecer en lugares cerrados, mantener el distanciamiento, lavarse frecuentemente las manos y ante cualquier s\u00edntoma, hacer la consulta al 100\u201d.<\/em><\/p>\n\n\n\n<p>Fuente:&nbsp;<a href=\"https:\/\/www.radiolasparejas.com.ar\/index.php\/conferencia-de-los-directores-del-samco-depto-belgrano-por-covid19-no-hay-camas-estamos-colapsando\/\" rel=\"noreferrer noopener\" target=\"_blank\"><strong>Radio Las Parejas<\/strong><\/a><\/p>\n\n\n\n<p><\/p>\n","protected":false},"excerpt":{"rendered":"<p>Con un sistema de salud casi colapsado y m\u00e9dicos que no dan abasto con jornadas extendidas de trabajo, insistieron en la importancia de la responsabilidad individual. Este martes en el COLP de Las Parejas se llev\u00f3 a cabo una conferencia de prensa brindada por los Directores de los SAMCo del Departamento Belgrano, Dra. Giovanna G\u00f3mez <a href=\"https:\/\/armstrongyregion.com.ar\/diario\/covid-19-conferencia-de-medicos-directores-de-samco-del-departamento-belgrano\/\" title=\"Read more\" >&#8230;<\/a><\/p>\n","protected":false},"author":1,"featured_media":30011,"comment_status":"open","ping_status":"open","sticky":false,"template":"","format":"image","meta":{"_jetpack_memberships_contains_paid_content":false,"footnotes":"","jetpack_publicize_message":"","jetpack_publicize_feature_enabled":true,"jetpack_social_post_already_shared":true,"jetpack_social_options":{"image_generator_settings":{"template":"highway","default_image_id":0,"enabled":false},"version":2}},"categories":[8,1,2,4,3],"tags":[],"class_list":["post-30010","post","type-post","status-publish","format-image","has-post-thumbnail","hentry","category-deliberando","category-diario-armstrong","category-locales","category-prevencion-salud","category-region","post_format-post-format-image"],"jetpack_publicize_connections":[],"jetpack_featured_media_url":"https:\/\/armstrongyregion.com.ar\/diario\/wp-content\/uploads\/2021\/05\/IMG-20210504-WA0097.jpg","jetpack_shortlink":"https:\/\/wp.me\/p62QDO-7O2","jetpack_sharing_enabled":true,"amp_enabled":true,"_links":{"self":[{"href":"https:\/\/armstrongyregion.com.ar\/diario\/wp-json\/wp\/v2\/posts\/30010","targetHints":{"allow":["GET"]}}],"collection":[{"href":"https:\/\/armstrongyregion.com.ar\/diario\/wp-json\/wp\/v2\/posts"}],"about":[{"href":"https:\/\/armstrongyregion.com.ar\/diario\/wp-json\/wp\/v2\/types\/post"}],"author":[{"embeddable":true,"href":"https:\/\/armstrongyregion.com.ar\/diario\/wp-json\/wp\/v2\/users\/1"}],"replies":[{"embeddable":true,"href":"https:\/\/armstrongyregion.com.ar\/diario\/wp-json\/wp\/v2\/comments?post=30010"}],"version-history":[{"count":1,"href":"https:\/\/armstrongyregion.com.ar\/diario\/wp-json\/wp\/v2\/posts\/30010\/revisions"}],"predecessor-version":[{"id":30012,"href":"https:\/\/armstrongyregion.com.ar\/diario\/wp-json\/wp\/v2\/posts\/30010\/revisions\/30012"}],"wp:featuredmedia":[{"embeddable":true,"href":"https:\/\/armstrongyregion.com.ar\/diario\/wp-json\/wp\/v2\/media\/30011"}],"wp:attachment":[{"href":"https:\/\/armstrongyregion.com.ar\/diario\/wp-json\/wp\/v2\/media?parent=30010"}],"wp:term":[{"taxonomy":"category","embeddable":true,"href":"https:\/\/armstrongyregion.com.ar\/diario\/wp-json\/wp\/v2\/categories?post=30010"},{"taxonomy":"post_tag","embeddable":true,"href":"https:\/\/armstrongyregion.com.ar\/diario\/wp-json\/wp\/v2\/tags?post=30010"}],"curies":[{"name":"wp","href":"https:\/\/api.w.org\/{rel}","templated":true}]}}