{"id":29977,"date":"2021-05-03T01:51:44","date_gmt":"2021-05-03T01:51:44","guid":{"rendered":"https:\/\/armstrongyregion.com.ar\/diario\/?p=29977"},"modified":"2021-05-03T01:51:48","modified_gmt":"2021-05-03T01:51:48","slug":"2-de-mayo-dia-internacional-de-la-lucha-contra-el-bullying","status":"publish","type":"post","link":"https:\/\/armstrongyregion.com.ar\/diario\/2-de-mayo-dia-internacional-de-la-lucha-contra-el-bullying\/","title":{"rendered":"2 de mayo: D\u00eda Internacional de la Lucha contra el Bullying."},"content":{"rendered":"\n<figure class=\"wp-block-image size-large\"><img loading=\"lazy\" decoding=\"async\" width=\"400\" height=\"267\" src=\"http:\/\/armstrongyregion.com.ar\/diario\/wp-content\/uploads\/2021\/05\/bullyins.jpg\" alt=\"\" class=\"wp-image-29978\" srcset=\"https:\/\/armstrongyregion.com.ar\/diario\/wp-content\/uploads\/2021\/05\/bullyins.jpg 400w, https:\/\/armstrongyregion.com.ar\/diario\/wp-content\/uploads\/2021\/05\/bullyins-300x200.jpg 300w\" sizes=\"auto, (max-width: 400px) 100vw, 400px\" \/><\/figure>\n\n\n\n<h2 class=\"wp-block-heading\"> Se conmemora en todo el mundo por iniciativa de la ONG argentina \u201cBullying sin fronteras\u201d . <\/h2>\n\n\n\n<p>(Por&nbsp;<a href=\"https:\/\/www.facebook.com\/AristidesRAlvarez\/\" rel=\"noreferrer noopener\" target=\"_blank\">Ar\u00edstides \u00c1lvarez<\/a>&nbsp;\/ presidente ONG \u201c<a href=\"https:\/\/nosreimostodxs.com\/\" rel=\"noreferrer noopener\" target=\"_blank\">Si nos re\u00edmos, nos re\u00edmos todxs<\/a>\u201d)&nbsp;<br>El 2 de mayo, por iniciativa de la ONG argentina \u201cBullying sin fronteras\u201d se conmemora en todo el mundo el D\u00eda Internacional de la Lucha contra el Bullying. Las estad\u00edsticas dicen que 7 de cada 10 ni\u00f1xs y adolescentes son v\u00edctimas de acoso y seg\u00fan Unicef, 1 de cada 3 sufre acoso escolar. El bullying es una problem\u00e1tica que causa en el mundo al menos 200 muertes directas cada a\u00f1o.<br><br>El bullying no es una broma de mal gusto, una cargada ocasional, un sobrenombre. Es mucho m\u00e1s que eso. El chiste, la broma se deben terminar cuando causa da\u00f1o a alguien. Seg\u00fan la filosof\u00eda Ubuntu de origen africano,&nbsp;<em>\u201cninguno de nosotros puede ser feliz si uno o los dem\u00e1s est\u00e1n tristes\u201d.<\/em><br>El bullying es el acoso sistem\u00e1tico y prolongado en el tiempo hacia una persona por un grupo de pares, ante la inacci\u00f3n del resto y sobre todo \u2014por tratarse de ni\u00f1os y adolescentes\u2014 de los adultos responsables de los mismos.<\/p>\n\n\n\n<p>El bullying causa da\u00f1os irreparables, que perduran quiz\u00e1s para toda la vida. El acoso, el maltrato, la discriminaci\u00f3n puede ser verbal, psicol\u00f3gico o f\u00edsico. Genera en la v\u00edctima una baja de la autoestima, un aislamiento social, un temor, un menosprecio que socava su dignidad como persona, que puede llevarlo a flagelarse, lastimarse, que lo afecta en su salud, lo limita en su rendimiento escolar, deportivo, en sus relaciones familiares, amistades y afectivas, y que suele tener un correlato en su vida de adulto. Pero no es solo la v\u00edctima el \u00fanico afectado en esta problem\u00e1tica. Quienes ejercen bullying \u2014llamados por algunos autores como victimarios\u2014 son personas que no saben relacionarse m\u00e1s que con violencia o ejercer liderazgo y poder a partir del miedo, la intimidaci\u00f3n, la burla, el agravio.<\/p>\n\n\n\n<p>Suelen ser v\u00edctimas en su seno familiar de violencia, de desprecio, de soledad, de falta de di\u00e1logo, de abandono, de afecto. Probablemente como adultos repetir\u00e1n esas actitudes como padres, en el \u00e1mbito laboral, social o deportivo, ejerciendo estas formas negativas de relacionarse que de alg\u00fan modo u otro terminan mal al encontrarse con personas tan o m\u00e1s agresivas que ellos mismos. Y no podemos dejar de lado a los espectadores sin los cuales el bullying no tendr\u00eda \u00e9xito ni sentido. El acoso que hacen los abusadores y agresores es fundamentalmente \u201cpara la tribuna\u201d, para los espectadores silenciosos que terminan de alguna manera siendo c\u00f3mplices de esta situaci\u00f3n no frenando, no denunciando la misma. Lamentablemente tambi\u00e9n ellos son v\u00edctimas y consecuencia de tristes frases que han calado muy hondo en nuestra sociedad, como \u201cno te metas\u201d, \u201calgo habr\u00e1n hecho\u201d, \u201cmientras a vos no te hagan nada\u201d, \u201cpor algo se lo hacen\u201d. Frases transmitidas por los adultos a los j\u00f3venes que han generado en muchos sentimientos de indiferencia ante el dolor del otrx, de miedo ante la amenaza de que nos pase lo mismo, alej\u00e1ndonos de valores como la empat\u00eda y la solidaridad.<\/p>\n\n\n\n<p>Y es aqu\u00ed donde m\u00e1s hay que trabajar por la convivencia para frenar el bullying. Solemos decir que sin espectadores no hay bullying. Este t\u00e9rmino en ingl\u00e9s que ha servido para visibilizar un problema de vieja data y tristemente naturalizado \u2014esa necesidad de re\u00edrnos a costa del otro, de mirar sus diferencias, sus errores y no sus virtudes y similitudes\u2014, es un t\u00e9rmino que ha sido menospreciado, mal utilizado hasta muchas veces en sorna irresponsablemente \u2014\u201cbowling\u201d dec\u00eda un personaje de la far\u00e1ndula\u2014, llamando a cualquier conflicto de esa manera. Esto ha generado en muchos casos un rechazo a abordarlo por las instituciones escolares y deportivas \u2014donde m\u00e1s se produce\u2014 por miedo a la mala prensa, al desprestigio, escondiendo debajo de la alfombra los conflictos, no abord\u00e1ndolos seriamente y naturaliz\u00e1ndolos con frases como \u201cson cosas de chicos\u201d.<\/p>\n\n\n\n<p>En estos tiempos de pandemia, de mayor uso de internet, de aislamiento social, de escasa presencialidad, el bullying se manifiesta y encontr\u00f3 su versi\u00f3n cibern\u00e9tica en las redes sociales, en los servicios de mensajer\u00eda, en las salas de chat de los videojuegos. Como ciberbullying, causando mucho m\u00e1s da\u00f1o porque se potencia y viraliza a millones de personas sin posibles frenos, provocando en las v\u00edctimas un da\u00f1o infinito, inimaginable.<\/p>\n\n\n\n<p>Nuestra ONG \u201cSi nos re\u00edmos, nos re\u00edmos todxs \u201d viene trabajando desde hace muchos a\u00f1os en la Argentina y en Latinoam\u00e9rica abogando por la convivencia escolar y deportiva en la prevenci\u00f3n del bullying y el ciberacoso (ciberbullying, grooming, sextorsi\u00f3n, escraches). Recientemente fuimos nombrados por el Concejo Municipal de Rosario \u201cInstituci\u00f3n distinguida de la ciudad \u201d lo cual nos alienta a seguir trabajando incansablemente. Preferimos hablar en t\u00e9rminos positivos de convivencia, apostar y creer a partir del nombre de nuestra ONG que no es necesario para divertirse y pasarla bien re\u00edrse de otros, burlarse, hacer bromas a partir de las diferencias. Creemos firmemente que la convivencia no es una utop\u00eda, s\u00ed en cambio es una utop\u00eda pensar una convivencia sin conflictos. Por eso es necesario abordarlos a partir del di\u00e1logo, de la tolerancia, del respeto.<\/p>\n\n\n\n<p>Por eso este 2 de mayo y siempre, decimos no al bullying, porque \u201csi nos re\u00edmos, nos re\u00edmos todxs\u201d.<\/p>\n","protected":false},"excerpt":{"rendered":"<p>Se conmemora en todo el mundo por iniciativa de la ONG argentina \u201cBullying sin fronteras\u201d . (Por&nbsp;Ar\u00edstides \u00c1lvarez&nbsp;\/ presidente ONG \u201cSi nos re\u00edmos, nos re\u00edmos todxs\u201d)&nbsp;El 2 de mayo, por iniciativa de la ONG argentina \u201cBullying sin fronteras\u201d se conmemora en todo el mundo el D\u00eda Internacional de la Lucha contra el Bullying. Las estad\u00edsticas <a href=\"https:\/\/armstrongyregion.com.ar\/diario\/2-de-mayo-dia-internacional-de-la-lucha-contra-el-bullying\/\" title=\"Read more\" >&#8230;<\/a><\/p>\n","protected":false},"author":1,"featured_media":29978,"comment_status":"open","ping_status":"open","sticky":false,"template":"","format":"image","meta":{"_jetpack_memberships_contains_paid_content":false,"footnotes":"","jetpack_publicize_message":"","jetpack_publicize_feature_enabled":true,"jetpack_social_post_already_shared":true,"jetpack_social_options":{"image_generator_settings":{"template":"highway","default_image_id":0,"enabled":false},"version":2}},"categories":[6,8,1,2,3],"tags":[],"class_list":["post-29977","post","type-post","status-publish","format-image","has-post-thumbnail","hentry","category-cultura-entretenimiento","category-deliberando","category-diario-armstrong","category-locales","category-region","post_format-post-format-image"],"jetpack_publicize_connections":[],"jetpack_featured_media_url":"https:\/\/armstrongyregion.com.ar\/diario\/wp-content\/uploads\/2021\/05\/bullyins.jpg","jetpack_shortlink":"https:\/\/wp.me\/p62QDO-7Nv","jetpack_sharing_enabled":true,"amp_enabled":true,"_links":{"self":[{"href":"https:\/\/armstrongyregion.com.ar\/diario\/wp-json\/wp\/v2\/posts\/29977","targetHints":{"allow":["GET"]}}],"collection":[{"href":"https:\/\/armstrongyregion.com.ar\/diario\/wp-json\/wp\/v2\/posts"}],"about":[{"href":"https:\/\/armstrongyregion.com.ar\/diario\/wp-json\/wp\/v2\/types\/post"}],"author":[{"embeddable":true,"href":"https:\/\/armstrongyregion.com.ar\/diario\/wp-json\/wp\/v2\/users\/1"}],"replies":[{"embeddable":true,"href":"https:\/\/armstrongyregion.com.ar\/diario\/wp-json\/wp\/v2\/comments?post=29977"}],"version-history":[{"count":1,"href":"https:\/\/armstrongyregion.com.ar\/diario\/wp-json\/wp\/v2\/posts\/29977\/revisions"}],"predecessor-version":[{"id":29979,"href":"https:\/\/armstrongyregion.com.ar\/diario\/wp-json\/wp\/v2\/posts\/29977\/revisions\/29979"}],"wp:featuredmedia":[{"embeddable":true,"href":"https:\/\/armstrongyregion.com.ar\/diario\/wp-json\/wp\/v2\/media\/29978"}],"wp:attachment":[{"href":"https:\/\/armstrongyregion.com.ar\/diario\/wp-json\/wp\/v2\/media?parent=29977"}],"wp:term":[{"taxonomy":"category","embeddable":true,"href":"https:\/\/armstrongyregion.com.ar\/diario\/wp-json\/wp\/v2\/categories?post=29977"},{"taxonomy":"post_tag","embeddable":true,"href":"https:\/\/armstrongyregion.com.ar\/diario\/wp-json\/wp\/v2\/tags?post=29977"}],"curies":[{"name":"wp","href":"https:\/\/api.w.org\/{rel}","templated":true}]}}