{"id":29964,"date":"2021-05-01T22:13:26","date_gmt":"2021-05-01T22:13:26","guid":{"rendered":"https:\/\/armstrongyregion.com.ar\/diario\/?p=29964"},"modified":"2021-05-01T22:13:42","modified_gmt":"2021-05-01T22:13:42","slug":"el-intendente-verdecchia-saluda-en-el-dia-del-trabajador","status":"publish","type":"post","link":"https:\/\/armstrongyregion.com.ar\/diario\/el-intendente-verdecchia-saluda-en-el-dia-del-trabajador\/","title":{"rendered":"El intendente Verdecchia saluda en el D\u00eda del Trabajador."},"content":{"rendered":"\n<figure class=\"wp-block-image size-large\"><img loading=\"lazy\" decoding=\"async\" width=\"275\" height=\"183\" src=\"http:\/\/armstrongyregion.com.ar\/diario\/wp-content\/uploads\/2021\/04\/Armstrong-.jpg\" alt=\"\" class=\"wp-image-29825\"\/><\/figure>\n\n\n\n<p> \u00a0\u00abCon motivo del 1 de mayo, en que se celebra el D\u00eda Internacional de los Trabajadores, el Intendente Dr. Pablo Verdecchia hace llegar un saludo afectuoso a todos los trabajadores de la ciudad que son el motor que mueve a un pa\u00eds. Por ello, en su d\u00eda, un saludo cordial brindando porque la labor y dedicaci\u00f3n cotidiana sigan fortaleciendo las bases de nuestro pa\u00eds.\u00bb <\/p>\n","protected":false},"excerpt":{"rendered":"<p>\u00a0\u00abCon motivo del 1 de mayo, en que se celebra el D\u00eda Internacional de los Trabajadores, el Intendente Dr. Pablo Verdecchia hace llegar un saludo afectuoso a todos los trabajadores de la ciudad que son el motor que mueve a un pa\u00eds. Por ello, en su d\u00eda, un saludo cordial brindando porque la labor y <a href=\"https:\/\/armstrongyregion.com.ar\/diario\/el-intendente-verdecchia-saluda-en-el-dia-del-trabajador\/\" title=\"Read more\" >&#8230;<\/a><\/p>\n","protected":false},"author":1,"featured_media":29825,"comment_status":"open","ping_status":"open","sticky":false,"template":"","format":"image","meta":{"_jetpack_memberships_contains_paid_content":false,"footnotes":"","jetpack_publicize_message":"","jetpack_publicize_feature_enabled":true,"jetpack_social_post_already_shared":true,"jetpack_social_options":{"image_generator_settings":{"template":"highway","default_image_id":0,"enabled":false},"version":2}},"categories":[8,1,2,7],"tags":[],"class_list":["post-29964","post","type-post","status-publish","format-image","has-post-thumbnail","hentry","category-deliberando","category-diario-armstrong","category-locales","category-politica","post_format-post-format-image"],"jetpack_publicize_connections":[],"jetpack_featured_media_url":"https:\/\/armstrongyregion.com.ar\/diario\/wp-content\/uploads\/2021\/04\/Armstrong-.jpg","jetpack_shortlink":"https:\/\/wp.me\/p62QDO-7Ni","jetpack_sharing_enabled":true,"amp_enabled":true,"_links":{"self":[{"href":"https:\/\/armstrongyregion.com.ar\/diario\/wp-json\/wp\/v2\/posts\/29964","targetHints":{"allow":["GET"]}}],"collection":[{"href":"https:\/\/armstrongyregion.com.ar\/diario\/wp-json\/wp\/v2\/posts"}],"about":[{"href":"https:\/\/armstrongyregion.com.ar\/diario\/wp-json\/wp\/v2\/types\/post"}],"author":[{"embeddable":true,"href":"https:\/\/armstrongyregion.com.ar\/diario\/wp-json\/wp\/v2\/users\/1"}],"replies":[{"embeddable":true,"href":"https:\/\/armstrongyregion.com.ar\/diario\/wp-json\/wp\/v2\/comments?post=29964"}],"version-history":[{"count":2,"href":"https:\/\/armstrongyregion.com.ar\/diario\/wp-json\/wp\/v2\/posts\/29964\/revisions"}],"predecessor-version":[{"id":29966,"href":"https:\/\/armstrongyregion.com.ar\/diario\/wp-json\/wp\/v2\/posts\/29964\/revisions\/29966"}],"wp:featuredmedia":[{"embeddable":true,"href":"https:\/\/armstrongyregion.com.ar\/diario\/wp-json\/wp\/v2\/media\/29825"}],"wp:attachment":[{"href":"https:\/\/armstrongyregion.com.ar\/diario\/wp-json\/wp\/v2\/media?parent=29964"}],"wp:term":[{"taxonomy":"category","embeddable":true,"href":"https:\/\/armstrongyregion.com.ar\/diario\/wp-json\/wp\/v2\/categories?post=29964"},{"taxonomy":"post_tag","embeddable":true,"href":"https:\/\/armstrongyregion.com.ar\/diario\/wp-json\/wp\/v2\/tags?post=29964"}],"curies":[{"name":"wp","href":"https:\/\/api.w.org\/{rel}","templated":true}]}}