{"id":29943,"date":"2021-04-30T21:17:06","date_gmt":"2021-04-30T21:17:06","guid":{"rendered":"https:\/\/armstrongyregion.com.ar\/diario\/?p=29943"},"modified":"2021-04-30T21:17:09","modified_gmt":"2021-04-30T21:17:09","slug":"cornaglia-pidio-que-bomberos-voluntarios-sean-vacunados-contra-en-coronavirus","status":"publish","type":"post","link":"https:\/\/armstrongyregion.com.ar\/diario\/cornaglia-pidio-que-bomberos-voluntarios-sean-vacunados-contra-en-coronavirus\/","title":{"rendered":"Cornaglia pidi\u00f3 que Bomberos Voluntarios sean vacunados contra en coronavirus."},"content":{"rendered":"\n<figure class=\"wp-block-image size-large\"><img loading=\"lazy\" decoding=\"async\" width=\"480\" height=\"252\" src=\"http:\/\/armstrongyregion.com.ar\/diario\/wp-content\/uploads\/2021\/04\/GC-2021-04-30-Fb-Proyecto-Vacunaci\u00f3n-Bomberos.jpg\" alt=\"\" class=\"wp-image-29944\" srcset=\"https:\/\/armstrongyregion.com.ar\/diario\/wp-content\/uploads\/2021\/04\/GC-2021-04-30-Fb-Proyecto-Vacunaci\u00f3n-Bomberos.jpg 480w, https:\/\/armstrongyregion.com.ar\/diario\/wp-content\/uploads\/2021\/04\/GC-2021-04-30-Fb-Proyecto-Vacunaci\u00f3n-Bomberos-300x158.jpg 300w\" sizes=\"auto, (max-width: 480px) 100vw, 480px\" \/><\/figure>\n\n\n\n<h2 class=\"wp-block-heading\"><strong>El senador provincial Guillermo Cornaglia solicit\u00f3 al Gobierno de Santa Fe que incorpore a las y los Bomberos Voluntarios de la provincia en el plan estrat\u00e9gico de vacunaci\u00f3n contra el covid-19 por estar vinculados con las fuerzas de seguridad.<\/strong><\/h2>\n\n\n\n<p>El legislador por el departamento Belgrano present\u00f3 un proyecto de Comunicaci\u00f3n en la C\u00e1mara de Senadores donde explic\u00f3 que los cuerpos activos de Bomberos Voluntarios, al igual que las Fuerzas de Seguridad, protegen a las comunidades ante todo tipo de emergencias y corresponde que sean incorporados al plan de vacunaci\u00f3n. El pedido surge a partir de una campa\u00f1a de difusi\u00f3n impulsada por la Federaci\u00f3n Santafesina de Asociaciones de Bomberos Voluntarios y diferentes encuentros que mantuvo Cornaglia con los jefes del departamento Belgrano.<\/p>\n\n\n\n<p><em>\u201cLa vacunaci\u00f3n inici\u00f3 con el personal de salud y continu\u00f3 con los adultos mayores de 70 a\u00f1os junto con personas mayores que son residentes en hogares de larga estancia, siguiendo los adultos de 60 a 69 a\u00f1os y luego las Fuerzas Armadas, de Seguridad y Personal de Servicios Penitenciarios que es el grupo en el cual pretendemos se incluya a las y los Bomberos Voluntarios\u201d<\/em>, argument\u00f3 el senador Cornaglia.<\/p>\n","protected":false},"excerpt":{"rendered":"<p>El senador provincial Guillermo Cornaglia solicit\u00f3 al Gobierno de Santa Fe que incorpore a las y los Bomberos Voluntarios de la provincia en el plan estrat\u00e9gico de vacunaci\u00f3n contra el covid-19 por estar vinculados con las fuerzas de seguridad. El legislador por el departamento Belgrano present\u00f3 un proyecto de Comunicaci\u00f3n en la C\u00e1mara de Senadores <a href=\"https:\/\/armstrongyregion.com.ar\/diario\/cornaglia-pidio-que-bomberos-voluntarios-sean-vacunados-contra-en-coronavirus\/\" title=\"Read more\" >&#8230;<\/a><\/p>\n","protected":false},"author":1,"featured_media":29944,"comment_status":"open","ping_status":"open","sticky":false,"template":"","format":"image","meta":{"_jetpack_memberships_contains_paid_content":false,"footnotes":"","jetpack_publicize_message":"","jetpack_publicize_feature_enabled":true,"jetpack_social_post_already_shared":true,"jetpack_social_options":{"image_generator_settings":{"template":"highway","default_image_id":0,"enabled":false},"version":2}},"categories":[8,1,2,7,3],"tags":[],"class_list":["post-29943","post","type-post","status-publish","format-image","has-post-thumbnail","hentry","category-deliberando","category-diario-armstrong","category-locales","category-politica","category-region","post_format-post-format-image"],"jetpack_publicize_connections":[],"jetpack_featured_media_url":"https:\/\/armstrongyregion.com.ar\/diario\/wp-content\/uploads\/2021\/04\/GC-2021-04-30-Fb-Proyecto-Vacunaci\u00f3n-Bomberos.jpg","jetpack_shortlink":"https:\/\/wp.me\/p62QDO-7MX","jetpack_sharing_enabled":true,"amp_enabled":true,"_links":{"self":[{"href":"https:\/\/armstrongyregion.com.ar\/diario\/wp-json\/wp\/v2\/posts\/29943","targetHints":{"allow":["GET"]}}],"collection":[{"href":"https:\/\/armstrongyregion.com.ar\/diario\/wp-json\/wp\/v2\/posts"}],"about":[{"href":"https:\/\/armstrongyregion.com.ar\/diario\/wp-json\/wp\/v2\/types\/post"}],"author":[{"embeddable":true,"href":"https:\/\/armstrongyregion.com.ar\/diario\/wp-json\/wp\/v2\/users\/1"}],"replies":[{"embeddable":true,"href":"https:\/\/armstrongyregion.com.ar\/diario\/wp-json\/wp\/v2\/comments?post=29943"}],"version-history":[{"count":1,"href":"https:\/\/armstrongyregion.com.ar\/diario\/wp-json\/wp\/v2\/posts\/29943\/revisions"}],"predecessor-version":[{"id":29945,"href":"https:\/\/armstrongyregion.com.ar\/diario\/wp-json\/wp\/v2\/posts\/29943\/revisions\/29945"}],"wp:featuredmedia":[{"embeddable":true,"href":"https:\/\/armstrongyregion.com.ar\/diario\/wp-json\/wp\/v2\/media\/29944"}],"wp:attachment":[{"href":"https:\/\/armstrongyregion.com.ar\/diario\/wp-json\/wp\/v2\/media?parent=29943"}],"wp:term":[{"taxonomy":"category","embeddable":true,"href":"https:\/\/armstrongyregion.com.ar\/diario\/wp-json\/wp\/v2\/categories?post=29943"},{"taxonomy":"post_tag","embeddable":true,"href":"https:\/\/armstrongyregion.com.ar\/diario\/wp-json\/wp\/v2\/tags?post=29943"}],"curies":[{"name":"wp","href":"https:\/\/api.w.org\/{rel}","templated":true}]}}