{"id":29926,"date":"2021-04-28T23:43:53","date_gmt":"2021-04-28T23:43:53","guid":{"rendered":"https:\/\/armstrongyregion.com.ar\/diario\/?p=29926"},"modified":"2021-04-28T23:43:57","modified_gmt":"2021-04-28T23:43:57","slug":"desesperado-pedido-de-nuevas-y-mas-severas-medidas-de-los-medicos","status":"publish","type":"post","link":"https:\/\/armstrongyregion.com.ar\/diario\/desesperado-pedido-de-nuevas-y-mas-severas-medidas-de-los-medicos\/","title":{"rendered":"Desesperado pedido de \u00abnuevas y m\u00e1s severas\u00bb medidas de los m\u00e9dicos."},"content":{"rendered":"\n<figure class=\"wp-block-image size-large\"><img loading=\"lazy\" decoding=\"async\" width=\"642\" height=\"467\" src=\"http:\/\/armstrongyregion.com.ar\/diario\/wp-content\/uploads\/2021\/04\/los-profesionales-la-salud-se-ven-desbordados-la-curva-los-contagios.jpg\" alt=\"\" class=\"wp-image-29928\" srcset=\"https:\/\/armstrongyregion.com.ar\/diario\/wp-content\/uploads\/2021\/04\/los-profesionales-la-salud-se-ven-desbordados-la-curva-los-contagios.jpg 642w, https:\/\/armstrongyregion.com.ar\/diario\/wp-content\/uploads\/2021\/04\/los-profesionales-la-salud-se-ven-desbordados-la-curva-los-contagios-300x218.jpg 300w\" sizes=\"auto, (max-width: 642px) 100vw, 642px\" \/><figcaption> <a href=\"https:\/\/media.lacapital.com.ar\/p\/674eeb70ad59d5ae79bdc87ee4c27005\/adjuntos\/203\/imagenes\/029\/210\/0029210775\/los-profesionales-la-salud-se-ven-desbordados-la-curva-los-contagios.jpg\">Los profesionales de la salud se ven desbordados por la curva de los contagios<\/a> <\/figcaption><\/figure>\n\n\n\n<h2 class=\"wp-block-heading\"> El gremio que nuclea al personal sanitario teme por el \u00abinminente\u00bb desborde del sistema ante la gran cantidad de casos que se registran d\u00eda a d\u00eda.<\/h2>\n\n\n\n<p>La seccional provincial de la<strong>&nbsp;Asociaci\u00f3n de M\u00e9dicos de la Rep\u00fablica Argentina (<a href=\"https:\/\/www.lacapital.com.ar\/amra-a2258\">Amra<\/a>) le solicit\u00f3 \u00abnuevas y m\u00e1s severas\u00bb&nbsp;<a href=\"https:\/\/www.lacapital.com.ar\/medidas-a23246\">medidas<\/a><\/strong>&nbsp;restrictivas de prevenci\u00f3n para garantizar la la atenci\u00f3n asistencial de toda la poblaci\u00f3n y resguardar la vida y la salud del personal sanitario, en el marco de la&nbsp;<a href=\"https:\/\/www.lacapital.com.ar\/segunda-ola-a40286\"><strong>segunda ola<\/strong><\/a>&nbsp;de la pandemia de coronavirus.<\/p>\n\n\n\n<p>En virtud del aumento de casos en la provincia y la ocupaci\u00f3n al l\u00edmite de las camas cr\u00edticas en los hospitales y sanatorios privados, Amra<strong>&nbsp;le envi\u00f3 una solicitud a la ministra de Salud provincial, Sonia Martorano, para que lo haga extensivo al gobernador Omar Perotti.<\/strong><\/p>\n\n\n\n<p>Lo que estamos pidiendo es que&nbsp;<strong>se disminuya todo lo posible la circulaci\u00f3n<\/strong>&nbsp;de gente para disminuir de esa manera el contagio, porque<strong>&nbsp;ya es incontrolable y a corto plazo no se va a poder atender a todo el mundo\u00bb<\/strong>, advirti\u00f3 en contacto con&nbsp;<strong>La Capital<\/strong>&nbsp;la secretaria general de la seccional Santa Fe de Amra, Sandra Maiorana.<\/p>\n\n\n\n<p>\u00abNo podemos determinar cu\u00e1les son las medidas y\u00a0<strong>sabemos que el tema econ\u00f3mico es importante<\/strong>\u00a0porque la gente tiene que comer, pero\u00a0<strong>vemos con gran preocupaci\u00f3n el inminente desborde del sistema sanitario\u00bb<\/strong>, plante\u00f3 la dirigente gremial en alusi\u00f3n al exponencial aumento de casos, que se dispar\u00f3 tanto a nivel provincial como nacional luego del \u00faltimo feriado largo de Semana Santa.<\/p>\n\n\n\n<figure class=\"wp-block-gallery columns-1 is-cropped wp-block-gallery-1 is-layout-flex wp-block-gallery-is-layout-flex\"><ul class=\"blocks-gallery-grid\"><li class=\"blocks-gallery-item\"><figure><img loading=\"lazy\" decoding=\"async\" width=\"459\" height=\"642\" src=\"http:\/\/armstrongyregion.com.ar\/diario\/wp-content\/uploads\/2021\/04\/amrajpg.jpg\" alt=\"\" data-id=\"29927\" data-full-url=\"https:\/\/i1.wp.com\/armstrongyregion.com.ar\/diario\/wp-content\/uploads\/2021\/04\/amrajpg.jpg?fit=459%2C642&amp;ssl=1\" data-link=\"https:\/\/armstrongyregion.com.ar\/diario\/?attachment_id=29927\" class=\"wp-image-29927\" srcset=\"https:\/\/armstrongyregion.com.ar\/diario\/wp-content\/uploads\/2021\/04\/amrajpg.jpg 459w, https:\/\/armstrongyregion.com.ar\/diario\/wp-content\/uploads\/2021\/04\/amrajpg-214x300.jpg 214w\" sizes=\"auto, (max-width: 459px) 100vw, 459px\" \/><\/figure><\/li><\/ul><\/figure>\n\n\n\n<p>A su vez, sentenci\u00f3:&nbsp;<strong>\u00abYa estamos arrancando tarde en caso de tomar nuevas medidas<\/strong>, deber\u00edan implementarse ahora mismo porque<strong>&nbsp;el personal de salud no est\u00e1 vacunado en su totalidad con las dos dosis y as\u00ed corre el riesgo de infectarse igual<\/strong>. Sobre todo si est\u00e1 cansado, agotado y estresado como est\u00e1 ahora, puesto que el sistema est\u00e1 desbordado\u00bb.<\/p>\n\n\n\n<p><strong>\u00abEl recurso humano que hay en salud no va a poder enfrentar la cantidad de casos que estamos teniendo\u00bb,<\/strong>&nbsp;concluy\u00f3 a la hora de reforzar el pedido a las autoridades provinciales para que endurezcan las restricciones en materia de circulaci\u00f3n.<\/p>\n\n\n\n<p>Este pedido no hace m\u00e1s que remarcar lo que vienen solicitando desde hace d\u00edas distintos actores del \u00e1rea sanitaria de la provincia y la Naci\u00f3n por la agresividad que exhibe esta segunda ola de la pandemia de coronavirus.<\/p>\n\n\n\n<p>De hecho, la propia titular de la cartera sanitaria, Sonia Martorano, hab\u00eda asegurado la semana pasada que<strong>\u00a0\u00abel virus se multiplica y se hace m\u00e1s fuerte para poder sobrevivir<\/strong>, por eso esta segunda ola es m\u00e1s agresiva y genera incluso da\u00f1os considerables en pulmones como no hab\u00edamos visto antes\u00bb.<\/p>\n\n\n\n<p>Fuente:  Por\u00a0<a href=\"https:\/\/www.lacapital.com.ar\/matias-petisce-p434.html\">Mat\u00edas Petisce<\/a> <\/p>\n","protected":false},"excerpt":{"rendered":"<p>El gremio que nuclea al personal sanitario teme por el \u00abinminente\u00bb desborde del sistema ante la gran cantidad de casos que se registran d\u00eda a d\u00eda. La seccional provincial de la&nbsp;Asociaci\u00f3n de M\u00e9dicos de la Rep\u00fablica Argentina (Amra) le solicit\u00f3 \u00abnuevas y m\u00e1s severas\u00bb&nbsp;medidas&nbsp;restrictivas de prevenci\u00f3n para garantizar la la atenci\u00f3n asistencial de toda la <a href=\"https:\/\/armstrongyregion.com.ar\/diario\/desesperado-pedido-de-nuevas-y-mas-severas-medidas-de-los-medicos\/\" title=\"Read more\" >&#8230;<\/a><\/p>\n","protected":false},"author":1,"featured_media":29928,"comment_status":"open","ping_status":"open","sticky":false,"template":"","format":"image","meta":{"_jetpack_memberships_contains_paid_content":false,"footnotes":"","jetpack_publicize_message":"","jetpack_publicize_feature_enabled":true,"jetpack_social_post_already_shared":true,"jetpack_social_options":{"image_generator_settings":{"template":"highway","default_image_id":0,"enabled":false},"version":2}},"categories":[8,1,2,7,4,3],"tags":[],"class_list":["post-29926","post","type-post","status-publish","format-image","has-post-thumbnail","hentry","category-deliberando","category-diario-armstrong","category-locales","category-politica","category-prevencion-salud","category-region","post_format-post-format-image"],"jetpack_publicize_connections":[],"jetpack_featured_media_url":"https:\/\/armstrongyregion.com.ar\/diario\/wp-content\/uploads\/2021\/04\/los-profesionales-la-salud-se-ven-desbordados-la-curva-los-contagios.jpg","jetpack_shortlink":"https:\/\/wp.me\/p62QDO-7MG","jetpack_sharing_enabled":true,"amp_enabled":true,"_links":{"self":[{"href":"https:\/\/armstrongyregion.com.ar\/diario\/wp-json\/wp\/v2\/posts\/29926","targetHints":{"allow":["GET"]}}],"collection":[{"href":"https:\/\/armstrongyregion.com.ar\/diario\/wp-json\/wp\/v2\/posts"}],"about":[{"href":"https:\/\/armstrongyregion.com.ar\/diario\/wp-json\/wp\/v2\/types\/post"}],"author":[{"embeddable":true,"href":"https:\/\/armstrongyregion.com.ar\/diario\/wp-json\/wp\/v2\/users\/1"}],"replies":[{"embeddable":true,"href":"https:\/\/armstrongyregion.com.ar\/diario\/wp-json\/wp\/v2\/comments?post=29926"}],"version-history":[{"count":1,"href":"https:\/\/armstrongyregion.com.ar\/diario\/wp-json\/wp\/v2\/posts\/29926\/revisions"}],"predecessor-version":[{"id":29929,"href":"https:\/\/armstrongyregion.com.ar\/diario\/wp-json\/wp\/v2\/posts\/29926\/revisions\/29929"}],"wp:featuredmedia":[{"embeddable":true,"href":"https:\/\/armstrongyregion.com.ar\/diario\/wp-json\/wp\/v2\/media\/29928"}],"wp:attachment":[{"href":"https:\/\/armstrongyregion.com.ar\/diario\/wp-json\/wp\/v2\/media?parent=29926"}],"wp:term":[{"taxonomy":"category","embeddable":true,"href":"https:\/\/armstrongyregion.com.ar\/diario\/wp-json\/wp\/v2\/categories?post=29926"},{"taxonomy":"post_tag","embeddable":true,"href":"https:\/\/armstrongyregion.com.ar\/diario\/wp-json\/wp\/v2\/tags?post=29926"}],"curies":[{"name":"wp","href":"https:\/\/api.w.org\/{rel}","templated":true}]}}