{"id":2991,"date":"2015-07-11T09:28:14","date_gmt":"2015-07-11T09:28:14","guid":{"rendered":"https:\/\/armstrongyregion.com.ar\/diario\/?p=2991"},"modified":"2015-07-11T09:32:24","modified_gmt":"2015-07-11T09:32:24","slug":"lucila-de-ponti-candidata-a-diputada-nacional-por-el-frente-para-la-victoria-estuvo-en-armstrong","status":"publish","type":"post","link":"https:\/\/armstrongyregion.com.ar\/diario\/lucila-de-ponti-candidata-a-diputada-nacional-por-el-frente-para-la-victoria-estuvo-en-armstrong\/","title":{"rendered":"Lucila De Ponti candidata a Diputada Nacional por el Frente para la Victoria estuvo en Armstrong."},"content":{"rendered":"<p><a href=\"http:\/\/armstrongyregion.com.ar\/diario\/wp-content\/uploads\/2015\/07\/IMG-20150710-WA0027.jpg\"><img loading=\"lazy\" decoding=\"async\" class=\"alignnone size-medium wp-image-2992\" src=\"http:\/\/armstrongyregion.com.ar\/diario\/wp-content\/uploads\/2015\/07\/IMG-20150710-WA0027-300x168.jpg\" alt=\"Lucila de Ponti\" width=\"300\" height=\"168\" srcset=\"https:\/\/armstrongyregion.com.ar\/diario\/wp-content\/uploads\/2015\/07\/IMG-20150710-WA0027-300x168.jpg 300w, https:\/\/armstrongyregion.com.ar\/diario\/wp-content\/uploads\/2015\/07\/IMG-20150710-WA0027-1024x575.jpg 1024w, https:\/\/armstrongyregion.com.ar\/diario\/wp-content\/uploads\/2015\/07\/IMG-20150710-WA0027.jpg 1280w\" sizes=\"auto, (max-width: 300px) 100vw, 300px\" \/><\/a>En la h\u00fameda ma\u00f1ana del viernes 10 de julio, al lado del busto de Eva Duarte de Per\u00f3n, realizamos una breve entrevista con la dirigente del Movimiento Evita, nos dec\u00eda,<\/p>\n<p>\u201cCon mucha alegr\u00eda hemos participad de la entrega de la ofrenda floral que realizan los compa\u00f1eros todos los a\u00f1os, en este lugar tan especial, y el orgullo de poder compartir con los compa\u00f1eros de cada localidad del Dto. Belgrano, hablando de cuales son las problem\u00e1ticas de cada lugar, y la necesidad de organizar al peronismo para volver a trabajar en el protagonismo de esta regi\u00f3n, en lo que es el desarrollo provincial y nacional\u201d.<\/p>\n<p>De ponti continu\u00f3, \u201cTambien me di el gusto de conocer y recordar historias y an\u00e9cdotas con Pilito Arzani, esta enorme mujer que nos transmite a trav\u00e9s de su palabra toda la historia del peronismo\u201d.<\/p>\n<p>Estuvieron presentes en el acto de entrega de la ofrenda floral, el Dr. Augusto Fischer, el Dr. Gabriel Arzani, el Sr. Leonardo Giudici, referente Justicialista, el concejal Leonardo Rostagno, Horacio Compagnucci intendente electo de Las Parejas y la Secret. De Cultura Erica Molteni, entre otros simpatizantes del peronismo local y regional.<\/p>\n","protected":false},"excerpt":{"rendered":"<p>En la h\u00fameda ma\u00f1ana del viernes 10 de julio, al lado del busto de Eva Duarte de Per\u00f3n, realizamos una breve entrevista con la dirigente del Movimiento Evita, nos dec\u00eda, \u201cCon mucha alegr\u00eda hemos participad de la entrega de la ofrenda floral que realizan los compa\u00f1eros todos los a\u00f1os, en este lugar tan especial, y <a href=\"https:\/\/armstrongyregion.com.ar\/diario\/lucila-de-ponti-candidata-a-diputada-nacional-por-el-frente-para-la-victoria-estuvo-en-armstrong\/\" title=\"Read more\" >&#8230;<\/a><\/p>\n","protected":false},"author":2,"featured_media":2992,"comment_status":"open","ping_status":"open","sticky":false,"template":"","format":"standard","meta":{"_jetpack_memberships_contains_paid_content":false,"footnotes":"","jetpack_publicize_message":"","jetpack_publicize_feature_enabled":true,"jetpack_social_post_already_shared":false,"jetpack_social_options":{"image_generator_settings":{"template":"highway","default_image_id":0,"enabled":false},"version":2}},"categories":[1,2,7,3],"tags":[33,20,2225,19,1018,16,15,961,257,31,2223,621,81,2224,60,887],"class_list":["post-2991","post","type-post","status-publish","format-standard","has-post-thumbnail","hentry","category-diario-armstrong","category-locales","category-politica","category-region","tag-a","tag-armstrong","tag-candidata","tag-de","tag-diputada","tag-el","tag-en","tag-estuvo","tag-frente","tag-la","tag-lucila","tag-nacional","tag-para","tag-ponti","tag-por","tag-victoria"],"jetpack_publicize_connections":[],"jetpack_featured_media_url":"https:\/\/armstrongyregion.com.ar\/diario\/wp-content\/uploads\/2015\/07\/IMG-20150710-WA0027.jpg","jetpack_shortlink":"https:\/\/wp.me\/p62QDO-Mf","jetpack_sharing_enabled":true,"amp_enabled":true,"_links":{"self":[{"href":"https:\/\/armstrongyregion.com.ar\/diario\/wp-json\/wp\/v2\/posts\/2991","targetHints":{"allow":["GET"]}}],"collection":[{"href":"https:\/\/armstrongyregion.com.ar\/diario\/wp-json\/wp\/v2\/posts"}],"about":[{"href":"https:\/\/armstrongyregion.com.ar\/diario\/wp-json\/wp\/v2\/types\/post"}],"author":[{"embeddable":true,"href":"https:\/\/armstrongyregion.com.ar\/diario\/wp-json\/wp\/v2\/users\/2"}],"replies":[{"embeddable":true,"href":"https:\/\/armstrongyregion.com.ar\/diario\/wp-json\/wp\/v2\/comments?post=2991"}],"version-history":[{"count":0,"href":"https:\/\/armstrongyregion.com.ar\/diario\/wp-json\/wp\/v2\/posts\/2991\/revisions"}],"wp:featuredmedia":[{"embeddable":true,"href":"https:\/\/armstrongyregion.com.ar\/diario\/wp-json\/wp\/v2\/media\/2992"}],"wp:attachment":[{"href":"https:\/\/armstrongyregion.com.ar\/diario\/wp-json\/wp\/v2\/media?parent=2991"}],"wp:term":[{"taxonomy":"category","embeddable":true,"href":"https:\/\/armstrongyregion.com.ar\/diario\/wp-json\/wp\/v2\/categories?post=2991"},{"taxonomy":"post_tag","embeddable":true,"href":"https:\/\/armstrongyregion.com.ar\/diario\/wp-json\/wp\/v2\/tags?post=2991"}],"curies":[{"name":"wp","href":"https:\/\/api.w.org\/{rel}","templated":true}]}}