{"id":29889,"date":"2021-04-24T23:06:50","date_gmt":"2021-04-24T23:06:50","guid":{"rendered":"https:\/\/armstrongyregion.com.ar\/diario\/?p=29889"},"modified":"2021-04-24T23:06:54","modified_gmt":"2021-04-24T23:06:54","slug":"armstrong-comunicado-del-comite-de-emergencia-sanitaria-2","status":"publish","type":"post","link":"https:\/\/armstrongyregion.com.ar\/diario\/armstrong-comunicado-del-comite-de-emergencia-sanitaria-2\/","title":{"rendered":"Armstrong. Comunicado del Comit\u00e9 de Emergencia Sanitaria."},"content":{"rendered":"\n<figure class=\"wp-block-image size-large\"><img loading=\"lazy\" decoding=\"async\" width=\"480\" height=\"270\" src=\"http:\/\/armstrongyregion.com.ar\/diario\/wp-content\/uploads\/2021\/04\/Polis-pandemia-.jpg\" alt=\"\" class=\"wp-image-29890\" srcset=\"https:\/\/armstrongyregion.com.ar\/diario\/wp-content\/uploads\/2021\/04\/Polis-pandemia-.jpg 480w, https:\/\/armstrongyregion.com.ar\/diario\/wp-content\/uploads\/2021\/04\/Polis-pandemia--300x169.jpg 300w\" sizes=\"auto, (max-width: 480px) 100vw, 480px\" \/><\/figure>\n\n\n\n<p>\n\nA 20 hs de entrada en vigencia de las nuevas medidas, se realizaron procedimientos en nuestra ciudad con personal de Orden P\u00fablico y Comisaria III de Armstrong. Fueron desarticuladas 2 fiestas NO autorizadas por decreto municipal en Salones de Eventos, por las cu\u00e1les se  procedi\u00f3 a la imputaci\u00f3n de los propietarios de dichos establecimientos. Tambi\u00e9n, se procedi\u00f3 al secuestro de un veh\u00edculo, por no contar con permiso de circulaci\u00f3n, para luego proceder, por orden de Fiscal\u00eda, a la detenci\u00f3n e imputaci\u00f3n de 5 masculinos que se movilizaban en dicho veh\u00edculo por violaci\u00f3n a los decretos Nacionales y Provinciales. En la jornada de hoy, s\u00e1bado 24, y madruga del domingo 25, se reforzar\u00e1n con personal policial contratado por el municipio y agentes de orden p\u00fablico municipal, los controles del cumplimiento de las medidas sanitaria.\n\n<\/p>\n","protected":false},"excerpt":{"rendered":"<p>A 20 hs de entrada en vigencia de las nuevas medidas, se realizaron procedimientos en nuestra ciudad con personal de Orden P\u00fablico y Comisaria III de Armstrong. Fueron desarticuladas 2 fiestas NO autorizadas por decreto municipal en Salones de Eventos, por las cu\u00e1les se procedi\u00f3 a la imputaci\u00f3n de los propietarios de dichos establecimientos. Tambi\u00e9n, <a href=\"https:\/\/armstrongyregion.com.ar\/diario\/armstrong-comunicado-del-comite-de-emergencia-sanitaria-2\/\" title=\"Read more\" >&#8230;<\/a><\/p>\n","protected":false},"author":1,"featured_media":29890,"comment_status":"open","ping_status":"open","sticky":false,"template":"","format":"image","meta":{"_jetpack_memberships_contains_paid_content":false,"footnotes":"","jetpack_publicize_message":"","jetpack_publicize_feature_enabled":true,"jetpack_social_post_already_shared":true,"jetpack_social_options":{"image_generator_settings":{"template":"highway","default_image_id":0,"enabled":false},"version":2}},"categories":[8,1,2,4],"tags":[],"class_list":["post-29889","post","type-post","status-publish","format-image","has-post-thumbnail","hentry","category-deliberando","category-diario-armstrong","category-locales","category-prevencion-salud","post_format-post-format-image"],"jetpack_publicize_connections":[],"jetpack_featured_media_url":"https:\/\/armstrongyregion.com.ar\/diario\/wp-content\/uploads\/2021\/04\/Polis-pandemia-.jpg","jetpack_shortlink":"https:\/\/wp.me\/p62QDO-7M5","jetpack_sharing_enabled":true,"amp_enabled":true,"_links":{"self":[{"href":"https:\/\/armstrongyregion.com.ar\/diario\/wp-json\/wp\/v2\/posts\/29889","targetHints":{"allow":["GET"]}}],"collection":[{"href":"https:\/\/armstrongyregion.com.ar\/diario\/wp-json\/wp\/v2\/posts"}],"about":[{"href":"https:\/\/armstrongyregion.com.ar\/diario\/wp-json\/wp\/v2\/types\/post"}],"author":[{"embeddable":true,"href":"https:\/\/armstrongyregion.com.ar\/diario\/wp-json\/wp\/v2\/users\/1"}],"replies":[{"embeddable":true,"href":"https:\/\/armstrongyregion.com.ar\/diario\/wp-json\/wp\/v2\/comments?post=29889"}],"version-history":[{"count":1,"href":"https:\/\/armstrongyregion.com.ar\/diario\/wp-json\/wp\/v2\/posts\/29889\/revisions"}],"predecessor-version":[{"id":29891,"href":"https:\/\/armstrongyregion.com.ar\/diario\/wp-json\/wp\/v2\/posts\/29889\/revisions\/29891"}],"wp:featuredmedia":[{"embeddable":true,"href":"https:\/\/armstrongyregion.com.ar\/diario\/wp-json\/wp\/v2\/media\/29890"}],"wp:attachment":[{"href":"https:\/\/armstrongyregion.com.ar\/diario\/wp-json\/wp\/v2\/media?parent=29889"}],"wp:term":[{"taxonomy":"category","embeddable":true,"href":"https:\/\/armstrongyregion.com.ar\/diario\/wp-json\/wp\/v2\/categories?post=29889"},{"taxonomy":"post_tag","embeddable":true,"href":"https:\/\/armstrongyregion.com.ar\/diario\/wp-json\/wp\/v2\/tags?post=29889"}],"curies":[{"name":"wp","href":"https:\/\/api.w.org\/{rel}","templated":true}]}}