{"id":29882,"date":"2021-04-24T19:21:23","date_gmt":"2021-04-24T19:21:23","guid":{"rendered":"https:\/\/armstrongyregion.com.ar\/diario\/?p=29882"},"modified":"2021-04-24T19:21:26","modified_gmt":"2021-04-24T19:21:26","slug":"despues-de-36-anos-beatriz-ferreyra-finaliza-su-cargo-como-secretaria-en-el-concejo-municipal","status":"publish","type":"post","link":"https:\/\/armstrongyregion.com.ar\/diario\/despues-de-36-anos-beatriz-ferreyra-finaliza-su-cargo-como-secretaria-en-el-concejo-municipal\/","title":{"rendered":"Despu\u00e9s de 36 a\u00f1os, Beatriz Ferreyra finaliza su cargo como secretaria en el Concejo Municipal."},"content":{"rendered":"\n<figure class=\"wp-block-image size-large\"><img loading=\"lazy\" decoding=\"async\" width=\"416\" height=\"270\" src=\"http:\/\/armstrongyregion.com.ar\/diario\/wp-content\/uploads\/2021\/04\/Beatriz-Ferreyra.jpg\" alt=\"\" class=\"wp-image-29883\" srcset=\"https:\/\/armstrongyregion.com.ar\/diario\/wp-content\/uploads\/2021\/04\/Beatriz-Ferreyra.jpg 416w, https:\/\/armstrongyregion.com.ar\/diario\/wp-content\/uploads\/2021\/04\/Beatriz-Ferreyra-300x195.jpg 300w\" sizes=\"auto, (max-width: 416px) 100vw, 416px\" \/><\/figure>\n\n\n\n<p> Despu\u00e9s de 36 a\u00f1os, Beatriz Ferreyra finaliza su cargo como secretaria en el Concejo Municipal, por motivos de su jubilaci\u00f3n. \u201cSiempre he tenido mi lugar y han escuchado mis opiniones\u201d, dijo. Como consejo para aquella persona que ocupe su lugar, coment\u00f3: \u200b\u201dQue tenga compromiso social y buena atenci\u00f3n con la gente\u201d.<\/p>\n\n\n\n<figure class=\"wp-block-embed-youtube wp-block-embed is-type-video is-provider-youtube wp-embed-aspect-4-3 wp-has-aspect-ratio\"><div class=\"wp-block-embed__wrapper\">\n<iframe loading=\"lazy\" title=\"Concejo: trayectoria de Beatriz Ferreyra como secretaria\" width=\"800\" height=\"600\" src=\"https:\/\/www.youtube.com\/embed\/84dg-l1HvtM?feature=oembed\" frameborder=\"0\" allow=\"accelerometer; autoplay; clipboard-write; encrypted-media; gyroscope; picture-in-picture\" allowfullscreen><\/iframe>\n<\/div><\/figure>\n\n\n\n<p>Fuente; Cable Imagen Armstrong.<\/p>\n","protected":false},"excerpt":{"rendered":"<p>Despu\u00e9s de 36 a\u00f1os, Beatriz Ferreyra finaliza su cargo como secretaria en el Concejo Municipal, por motivos de su jubilaci\u00f3n. \u201cSiempre he tenido mi lugar y han escuchado mis opiniones\u201d, dijo. Como consejo para aquella persona que ocupe su lugar, coment\u00f3: \u200b\u201dQue tenga compromiso social y buena atenci\u00f3n con la gente\u201d. Fuente; Cable Imagen Armstrong.<\/p>\n","protected":false},"author":1,"featured_media":29883,"comment_status":"open","ping_status":"open","sticky":false,"template":"","format":"image","meta":{"_jetpack_memberships_contains_paid_content":false,"footnotes":"","jetpack_publicize_message":"","jetpack_publicize_feature_enabled":true,"jetpack_social_post_already_shared":true,"jetpack_social_options":{"image_generator_settings":{"template":"highway","default_image_id":0,"enabled":false},"version":2}},"categories":[8,1,2,7],"tags":[],"class_list":["post-29882","post","type-post","status-publish","format-image","has-post-thumbnail","hentry","category-deliberando","category-diario-armstrong","category-locales","category-politica","post_format-post-format-image"],"jetpack_publicize_connections":[],"jetpack_featured_media_url":"https:\/\/armstrongyregion.com.ar\/diario\/wp-content\/uploads\/2021\/04\/Beatriz-Ferreyra.jpg","jetpack_shortlink":"https:\/\/wp.me\/p62QDO-7LY","jetpack_sharing_enabled":true,"amp_enabled":true,"_links":{"self":[{"href":"https:\/\/armstrongyregion.com.ar\/diario\/wp-json\/wp\/v2\/posts\/29882","targetHints":{"allow":["GET"]}}],"collection":[{"href":"https:\/\/armstrongyregion.com.ar\/diario\/wp-json\/wp\/v2\/posts"}],"about":[{"href":"https:\/\/armstrongyregion.com.ar\/diario\/wp-json\/wp\/v2\/types\/post"}],"author":[{"embeddable":true,"href":"https:\/\/armstrongyregion.com.ar\/diario\/wp-json\/wp\/v2\/users\/1"}],"replies":[{"embeddable":true,"href":"https:\/\/armstrongyregion.com.ar\/diario\/wp-json\/wp\/v2\/comments?post=29882"}],"version-history":[{"count":1,"href":"https:\/\/armstrongyregion.com.ar\/diario\/wp-json\/wp\/v2\/posts\/29882\/revisions"}],"predecessor-version":[{"id":29884,"href":"https:\/\/armstrongyregion.com.ar\/diario\/wp-json\/wp\/v2\/posts\/29882\/revisions\/29884"}],"wp:featuredmedia":[{"embeddable":true,"href":"https:\/\/armstrongyregion.com.ar\/diario\/wp-json\/wp\/v2\/media\/29883"}],"wp:attachment":[{"href":"https:\/\/armstrongyregion.com.ar\/diario\/wp-json\/wp\/v2\/media?parent=29882"}],"wp:term":[{"taxonomy":"category","embeddable":true,"href":"https:\/\/armstrongyregion.com.ar\/diario\/wp-json\/wp\/v2\/categories?post=29882"},{"taxonomy":"post_tag","embeddable":true,"href":"https:\/\/armstrongyregion.com.ar\/diario\/wp-json\/wp\/v2\/tags?post=29882"}],"curies":[{"name":"wp","href":"https:\/\/api.w.org\/{rel}","templated":true}]}}