{"id":29877,"date":"2021-04-24T18:56:18","date_gmt":"2021-04-24T18:56:18","guid":{"rendered":"https:\/\/armstrongyregion.com.ar\/diario\/?p=29877"},"modified":"2021-04-24T18:56:20","modified_gmt":"2021-04-24T18:56:20","slug":"parte-medico-de-miguel-lifschitz","status":"publish","type":"post","link":"https:\/\/armstrongyregion.com.ar\/diario\/parte-medico-de-miguel-lifschitz\/","title":{"rendered":"Parte M\u00e9dico de Miguel Lifschitz."},"content":{"rendered":"\n<figure class=\"wp-block-image size-large\"><img loading=\"lazy\" decoding=\"async\" width=\"552\" height=\"320\" src=\"http:\/\/armstrongyregion.com.ar\/diario\/wp-content\/uploads\/2020\/11\/Ing.-Miguel-Lifschitz..jpg\" alt=\"\" class=\"wp-image-27988\" srcset=\"https:\/\/armstrongyregion.com.ar\/diario\/wp-content\/uploads\/2020\/11\/Ing.-Miguel-Lifschitz..jpg 552w, https:\/\/armstrongyregion.com.ar\/diario\/wp-content\/uploads\/2020\/11\/Ing.-Miguel-Lifschitz.-300x174.jpg 300w\" sizes=\"auto, (max-width: 552px) 100vw, 552px\" \/><\/figure>\n\n\n\n<p>\n\nEl Ing. Miguel Lifschitz permanece internado en sala de cuidados intensivos cursando la patolog\u00eda de Covid 19.&nbsp;<\/p>\n\n\n\n<p>Debido a una desmejor\u00eda de su cuadro pulmonar, el equipo m\u00e9dico indic\u00f3 su ingreso a asistencia mec\u00e1nica respiratoria, recibiendo todos los soportes terap\u00e9uticos correspondientes.\n\n<\/p>\n","protected":false},"excerpt":{"rendered":"<p>El Ing. Miguel Lifschitz permanece internado en sala de cuidados intensivos cursando la patolog\u00eda de Covid 19.&nbsp; Debido a una desmejor\u00eda de su cuadro pulmonar, el equipo m\u00e9dico indic\u00f3 su ingreso a asistencia mec\u00e1nica respiratoria, recibiendo todos los soportes terap\u00e9uticos correspondientes.<\/p>\n","protected":false},"author":1,"featured_media":27988,"comment_status":"open","ping_status":"open","sticky":false,"template":"","format":"image","meta":{"_jetpack_memberships_contains_paid_content":false,"footnotes":"","jetpack_publicize_message":"","jetpack_publicize_feature_enabled":true,"jetpack_social_post_already_shared":true,"jetpack_social_options":{"image_generator_settings":{"template":"highway","default_image_id":0,"enabled":false},"version":2}},"categories":[8,1,2,7,3],"tags":[],"class_list":["post-29877","post","type-post","status-publish","format-image","has-post-thumbnail","hentry","category-deliberando","category-diario-armstrong","category-locales","category-politica","category-region","post_format-post-format-image"],"jetpack_publicize_connections":[],"jetpack_featured_media_url":"https:\/\/armstrongyregion.com.ar\/diario\/wp-content\/uploads\/2020\/11\/Ing.-Miguel-Lifschitz..jpg","jetpack_shortlink":"https:\/\/wp.me\/p62QDO-7LT","jetpack_sharing_enabled":true,"amp_enabled":true,"_links":{"self":[{"href":"https:\/\/armstrongyregion.com.ar\/diario\/wp-json\/wp\/v2\/posts\/29877","targetHints":{"allow":["GET"]}}],"collection":[{"href":"https:\/\/armstrongyregion.com.ar\/diario\/wp-json\/wp\/v2\/posts"}],"about":[{"href":"https:\/\/armstrongyregion.com.ar\/diario\/wp-json\/wp\/v2\/types\/post"}],"author":[{"embeddable":true,"href":"https:\/\/armstrongyregion.com.ar\/diario\/wp-json\/wp\/v2\/users\/1"}],"replies":[{"embeddable":true,"href":"https:\/\/armstrongyregion.com.ar\/diario\/wp-json\/wp\/v2\/comments?post=29877"}],"version-history":[{"count":1,"href":"https:\/\/armstrongyregion.com.ar\/diario\/wp-json\/wp\/v2\/posts\/29877\/revisions"}],"predecessor-version":[{"id":29878,"href":"https:\/\/armstrongyregion.com.ar\/diario\/wp-json\/wp\/v2\/posts\/29877\/revisions\/29878"}],"wp:featuredmedia":[{"embeddable":true,"href":"https:\/\/armstrongyregion.com.ar\/diario\/wp-json\/wp\/v2\/media\/27988"}],"wp:attachment":[{"href":"https:\/\/armstrongyregion.com.ar\/diario\/wp-json\/wp\/v2\/media?parent=29877"}],"wp:term":[{"taxonomy":"category","embeddable":true,"href":"https:\/\/armstrongyregion.com.ar\/diario\/wp-json\/wp\/v2\/categories?post=29877"},{"taxonomy":"post_tag","embeddable":true,"href":"https:\/\/armstrongyregion.com.ar\/diario\/wp-json\/wp\/v2\/tags?post=29877"}],"curies":[{"name":"wp","href":"https:\/\/api.w.org\/{rel}","templated":true}]}}