{"id":29839,"date":"2021-04-22T01:31:53","date_gmt":"2021-04-22T01:31:53","guid":{"rendered":"https:\/\/armstrongyregion.com.ar\/diario\/?p=29839"},"modified":"2021-04-22T01:31:53","modified_gmt":"2021-04-22T01:31:53","slug":"fischer-necesitamos-conciencia-y-cuidado-individual-y-que-las-autoridades-hagan-mas-controles-no-se-puede-hacer-politica-con-una-pandemia-mundial","status":"publish","type":"post","link":"https:\/\/armstrongyregion.com.ar\/diario\/fischer-necesitamos-conciencia-y-cuidado-individual-y-que-las-autoridades-hagan-mas-controles-no-se-puede-hacer-politica-con-una-pandemia-mundial\/","title":{"rendered":"Fischer:  \u201cNecesitamos conciencia y cuidado individual, y que las autoridades hagan mas controles. No se puede hacer pol\u00edtica con una pandemia mundial\u201d"},"content":{"rendered":"\n<figure class=\"wp-block-image size-large\"><img loading=\"lazy\" decoding=\"async\" width=\"768\" height=\"453\" src=\"http:\/\/armstrongyregion.com.ar\/diario\/wp-content\/uploads\/2019\/03\/Augusto-Fischer-Marzo-19-.jpg\" alt=\"\" class=\"wp-image-20835\" srcset=\"https:\/\/armstrongyregion.com.ar\/diario\/wp-content\/uploads\/2019\/03\/Augusto-Fischer-Marzo-19-.jpg 768w, https:\/\/armstrongyregion.com.ar\/diario\/wp-content\/uploads\/2019\/03\/Augusto-Fischer-Marzo-19--300x177.jpg 300w\" sizes=\"auto, (max-width: 768px) 100vw, 768px\" \/><\/figure>\n\n\n\n<p>El Concejo Municipal, en la sesi\u00f3n de ayer, solicit\u00f3 al Municipio local informes de los controles en empresas, comercios e instituciones sobre el cumplimiento de los protocolos sanitarios y tambi\u00e9n, desde todos los bloques, se aprob\u00f3 el pedido de mas controles debido al aumento de casos en Armstrong y en toda la regi\u00f3n.<\/p>\n\n\n\n<p>Al respecto, el Presidente del Concejo, Dr. Augusto Fischer, manifest\u00f3 que: \u201cSabemos que no es f\u00e1cil que nos restrinjan, pero estamos en medio de una pandemia mundial, y hay que pensar en la salud. Vemos que a la gente le cuesta tomar conciencia individual, cuidarse y cuidar a los dem\u00e1s. Pero es necesario que lo hagan\u201d. \u201cEn cuanto a las autoridades, sostengo que no es momento de hacer pol\u00edtica con esta cuesti\u00f3n, necesitamos que hagan mas controles y restrinjan la circulaci\u00f3n. Tambi\u00e9n ser\u00eda \u00a0bueno que acompa\u00f1en las medidas que toma el Presidente, y de ah\u00ed para abajo, ya que \u00e9l seguramente est\u00e1 m\u00e1s asesorado por especialistas. Ac\u00e1 en Armstrong claramente faltaron controles\u201d asegur\u00f3.<\/p>\n","protected":false},"excerpt":{"rendered":"<p>El Concejo Municipal, en la sesi\u00f3n de ayer, solicit\u00f3 al Municipio local informes de los controles en empresas, comercios e instituciones sobre el cumplimiento de los protocolos sanitarios y tambi\u00e9n, desde todos los bloques, se aprob\u00f3 el pedido de mas controles debido al aumento de casos en Armstrong y en toda la regi\u00f3n. Al respecto, <a href=\"https:\/\/armstrongyregion.com.ar\/diario\/fischer-necesitamos-conciencia-y-cuidado-individual-y-que-las-autoridades-hagan-mas-controles-no-se-puede-hacer-politica-con-una-pandemia-mundial\/\" title=\"Read more\" >&#8230;<\/a><\/p>\n","protected":false},"author":1,"featured_media":20835,"comment_status":"open","ping_status":"open","sticky":false,"template":"","format":"image","meta":{"_jetpack_memberships_contains_paid_content":false,"footnotes":"","jetpack_publicize_message":"","jetpack_publicize_feature_enabled":true,"jetpack_social_post_already_shared":true,"jetpack_social_options":{"image_generator_settings":{"template":"highway","default_image_id":0,"enabled":false},"version":2}},"categories":[8,1,2,7,4],"tags":[],"class_list":["post-29839","post","type-post","status-publish","format-image","has-post-thumbnail","hentry","category-deliberando","category-diario-armstrong","category-locales","category-politica","category-prevencion-salud","post_format-post-format-image"],"jetpack_publicize_connections":[],"jetpack_featured_media_url":"https:\/\/armstrongyregion.com.ar\/diario\/wp-content\/uploads\/2019\/03\/Augusto-Fischer-Marzo-19-.jpg","jetpack_shortlink":"https:\/\/wp.me\/p62QDO-7Lh","jetpack_sharing_enabled":true,"amp_enabled":true,"_links":{"self":[{"href":"https:\/\/armstrongyregion.com.ar\/diario\/wp-json\/wp\/v2\/posts\/29839","targetHints":{"allow":["GET"]}}],"collection":[{"href":"https:\/\/armstrongyregion.com.ar\/diario\/wp-json\/wp\/v2\/posts"}],"about":[{"href":"https:\/\/armstrongyregion.com.ar\/diario\/wp-json\/wp\/v2\/types\/post"}],"author":[{"embeddable":true,"href":"https:\/\/armstrongyregion.com.ar\/diario\/wp-json\/wp\/v2\/users\/1"}],"replies":[{"embeddable":true,"href":"https:\/\/armstrongyregion.com.ar\/diario\/wp-json\/wp\/v2\/comments?post=29839"}],"version-history":[{"count":1,"href":"https:\/\/armstrongyregion.com.ar\/diario\/wp-json\/wp\/v2\/posts\/29839\/revisions"}],"predecessor-version":[{"id":29841,"href":"https:\/\/armstrongyregion.com.ar\/diario\/wp-json\/wp\/v2\/posts\/29839\/revisions\/29841"}],"wp:featuredmedia":[{"embeddable":true,"href":"https:\/\/armstrongyregion.com.ar\/diario\/wp-json\/wp\/v2\/media\/20835"}],"wp:attachment":[{"href":"https:\/\/armstrongyregion.com.ar\/diario\/wp-json\/wp\/v2\/media?parent=29839"}],"wp:term":[{"taxonomy":"category","embeddable":true,"href":"https:\/\/armstrongyregion.com.ar\/diario\/wp-json\/wp\/v2\/categories?post=29839"},{"taxonomy":"post_tag","embeddable":true,"href":"https:\/\/armstrongyregion.com.ar\/diario\/wp-json\/wp\/v2\/tags?post=29839"}],"curies":[{"name":"wp","href":"https:\/\/api.w.org\/{rel}","templated":true}]}}