{"id":29768,"date":"2021-04-19T02:45:03","date_gmt":"2021-04-19T02:45:03","guid":{"rendered":"https:\/\/armstrongyregion.com.ar\/diario\/?p=29768"},"modified":"2021-04-19T02:45:07","modified_gmt":"2021-04-19T02:45:07","slug":"canada-de-gomez-implantaran-una-obra-de-alejandro-marmo-en-la-casa-del-senado","status":"publish","type":"post","link":"https:\/\/armstrongyregion.com.ar\/diario\/canada-de-gomez-implantaran-una-obra-de-alejandro-marmo-en-la-casa-del-senado\/","title":{"rendered":"Ca\u00f1ada de G\u00f3mez. Implantar\u00e1n una obra de Alejandro Marmo en la Casa del Senado."},"content":{"rendered":"\n<figure class=\"wp-block-image size-large\"><img loading=\"lazy\" decoding=\"async\" width=\"449\" height=\"266\" src=\"http:\/\/armstrongyregion.com.ar\/diario\/wp-content\/uploads\/2021\/04\/El-abrazo.jpg\" alt=\"\" class=\"wp-image-29769\" srcset=\"https:\/\/armstrongyregion.com.ar\/diario\/wp-content\/uploads\/2021\/04\/El-abrazo.jpg 449w, https:\/\/armstrongyregion.com.ar\/diario\/wp-content\/uploads\/2021\/04\/El-abrazo-300x178.jpg 300w\" sizes=\"auto, (max-width: 449px) 100vw, 449px\" \/><\/figure>\n\n\n\n<p>\nA\npartir del acuerdo de colaboraci\u00f3n mutua entre el Servicio P\u00fablico\nProvincial de Defensa Penal de la Provincia de Santa Fe, la Senadur\u00eda\ndel Departamento Iriondo y la Fundaci\u00f3n Arte en las F\u00e1bricas, se\ninstalar\u00e1 en la fachada de la Casa del Senado de Ca\u00f1ada de G\u00f3mez\nla obra \u201cEl Abrazo\u201d del artista Alejandro Marmo.<\/p>\n\n\n\n<p>\tEsta\niniciativa, denominada \u00abLa Justicia en dialogo con la comunidad\na trav\u00e9s del arte\u00bb, prev\u00e9e la instalaci\u00f3n de obras de arte en\nlos 19 departamentos del territorio santafesino y el dictado de\ntalleres que promuevan el desarrollo de espacios comunes para el\nencuentro entre la justicia y la comunidad. As\u00ed, se busca promover\nla cultura de la resiliencia y la esperanza en relaci\u00f3n a la\nconstrucci\u00f3n de un sistema de justicia restaurativa.<\/p>\n\n\n\n<p><strong>Sobre\nel artista:<\/strong><\/p>\n\n\n\n<p>Aunque\nel nombre de Alejandro Marmo le resulte desconocido, si Ud. vive en\nArgentina es muy probable haya admirado sus obras: los enormes\nrostros en acero de Evita del Edificio del Ministerio de Obras\nP\u00fablicas que se observan desde la Avenida 9 de Julio.<\/p>\n\n\n\n<p>Nacido\nen 1971 en el Partido de Tres de Febrero, Provincia de Buenos Aires.\nCreci\u00f3 en el seno de un hogar de inmigrantes y conoci\u00f3 los\nfundamentos de la herrer\u00eda en el taller de su padre. Autodidacta,\ncomenz\u00f3 su carrera art\u00edstica a los 20 a\u00f1os.<\/p>\n\n\n\n<p>Desde\nhace a\u00f1os, el artista lleva adelante un proyecto donde obreros de\nf\u00e1bricas participan en la realizaci\u00f3n de obras para espacios\np\u00fablicos como forma de integraci\u00f3n social y fortalecimiento del\nlazo de la producci\u00f3n y la imaginaci\u00f3n.<\/p>\n\n\n\n<p><strong>Sobre\nla obra:<\/strong><\/p>\n\n\n\n<p>Su\nobra m\u00e1s reciente es \u00abEl Abrazo\u00bb, dos figuras amalgamadas,\nque realiz\u00f3 con la colaboraci\u00f3n de la comunidad y los internos de\nla c\u00e1rcel de la ciudad santafesina de Coronda, una figura id\u00e9ntica\na la que instal\u00f3 en otros tantos lugares del pa\u00eds y en el\naeropuerto de Roma, conocido popularmente como Fiumicino, pero cuyo\nnombre oficial homenajea a uno de los artistas favoritos de Marmo:\nLeonardo Da Vinci.<\/p>\n\n\n\n<p>\u201cEl\nAbrazo\u201d, tiene como objetivo generar la uni\u00f3n existencial desde\nuna \u00f3ptica social. Su valor es significativo, ya que excede el\ncontacto f\u00edsico e individual, y nos invita a conectarnos\nhumanitariamente con otras personas, m\u00e1s all\u00e1 de nuestras ideas y\npuntos de vista, en distintos \u00e1mbitos de la vida. La obra fue\nrealizada en formato pict\u00f3rico con material de descarte de las\nf\u00e1bricas, un v\u00ednculo simb\u00f3lico sobre el que Alejandro Marmo invita\na reflexionar: \u201crecuperar aquello que nuestra sociedad desecha\ncapaz de renacer en belleza\u201d.<\/p>\n","protected":false},"excerpt":{"rendered":"<p>A partir del acuerdo de colaboraci\u00f3n mutua entre el Servicio P\u00fablico Provincial de Defensa Penal de la Provincia de Santa Fe, la Senadur\u00eda del Departamento Iriondo y la Fundaci\u00f3n Arte en las F\u00e1bricas, se instalar\u00e1 en la fachada de la Casa del Senado de Ca\u00f1ada de G\u00f3mez la obra \u201cEl Abrazo\u201d del artista Alejandro Marmo. <a href=\"https:\/\/armstrongyregion.com.ar\/diario\/canada-de-gomez-implantaran-una-obra-de-alejandro-marmo-en-la-casa-del-senado\/\" title=\"Read more\" >&#8230;<\/a><\/p>\n","protected":false},"author":1,"featured_media":29769,"comment_status":"open","ping_status":"open","sticky":false,"template":"","format":"image","meta":{"_jetpack_memberships_contains_paid_content":false,"footnotes":"","jetpack_publicize_message":"","jetpack_publicize_feature_enabled":true,"jetpack_social_post_already_shared":true,"jetpack_social_options":{"image_generator_settings":{"template":"highway","default_image_id":0,"enabled":false},"version":2}},"categories":[6,8,1,7,3],"tags":[],"class_list":["post-29768","post","type-post","status-publish","format-image","has-post-thumbnail","hentry","category-cultura-entretenimiento","category-deliberando","category-diario-armstrong","category-politica","category-region","post_format-post-format-image"],"jetpack_publicize_connections":[],"jetpack_featured_media_url":"https:\/\/armstrongyregion.com.ar\/diario\/wp-content\/uploads\/2021\/04\/El-abrazo.jpg","jetpack_shortlink":"https:\/\/wp.me\/p62QDO-7K8","jetpack_sharing_enabled":true,"amp_enabled":true,"_links":{"self":[{"href":"https:\/\/armstrongyregion.com.ar\/diario\/wp-json\/wp\/v2\/posts\/29768","targetHints":{"allow":["GET"]}}],"collection":[{"href":"https:\/\/armstrongyregion.com.ar\/diario\/wp-json\/wp\/v2\/posts"}],"about":[{"href":"https:\/\/armstrongyregion.com.ar\/diario\/wp-json\/wp\/v2\/types\/post"}],"author":[{"embeddable":true,"href":"https:\/\/armstrongyregion.com.ar\/diario\/wp-json\/wp\/v2\/users\/1"}],"replies":[{"embeddable":true,"href":"https:\/\/armstrongyregion.com.ar\/diario\/wp-json\/wp\/v2\/comments?post=29768"}],"version-history":[{"count":1,"href":"https:\/\/armstrongyregion.com.ar\/diario\/wp-json\/wp\/v2\/posts\/29768\/revisions"}],"predecessor-version":[{"id":29770,"href":"https:\/\/armstrongyregion.com.ar\/diario\/wp-json\/wp\/v2\/posts\/29768\/revisions\/29770"}],"wp:featuredmedia":[{"embeddable":true,"href":"https:\/\/armstrongyregion.com.ar\/diario\/wp-json\/wp\/v2\/media\/29769"}],"wp:attachment":[{"href":"https:\/\/armstrongyregion.com.ar\/diario\/wp-json\/wp\/v2\/media?parent=29768"}],"wp:term":[{"taxonomy":"category","embeddable":true,"href":"https:\/\/armstrongyregion.com.ar\/diario\/wp-json\/wp\/v2\/categories?post=29768"},{"taxonomy":"post_tag","embeddable":true,"href":"https:\/\/armstrongyregion.com.ar\/diario\/wp-json\/wp\/v2\/tags?post=29768"}],"curies":[{"name":"wp","href":"https:\/\/api.w.org\/{rel}","templated":true}]}}