{"id":29718,"date":"2021-04-14T17:27:07","date_gmt":"2021-04-14T17:27:07","guid":{"rendered":"https:\/\/armstrongyregion.com.ar\/diario\/?p=29718"},"modified":"2021-04-14T17:27:11","modified_gmt":"2021-04-14T17:27:11","slug":"canada-implementara-programa-provincial-para-ayudar-a-victimas-de-violencia-de-genero","status":"publish","type":"post","link":"https:\/\/armstrongyregion.com.ar\/diario\/canada-implementara-programa-provincial-para-ayudar-a-victimas-de-violencia-de-genero\/","title":{"rendered":"Ca\u00f1ada implementar\u00e1 programa provincial para ayudar a v\u00edctimas de violencia de g\u00e9nero."},"content":{"rendered":"\n<figure class=\"wp-block-image size-large\"><img loading=\"lazy\" decoding=\"async\" width=\"640\" height=\"480\" src=\"http:\/\/armstrongyregion.com.ar\/diario\/wp-content\/uploads\/2021\/04\/WhatsApp-Image-2021-04-14-at-12.33.39.jpg\" alt=\"\" class=\"wp-image-29719\" srcset=\"https:\/\/armstrongyregion.com.ar\/diario\/wp-content\/uploads\/2021\/04\/WhatsApp-Image-2021-04-14-at-12.33.39.jpg 640w, https:\/\/armstrongyregion.com.ar\/diario\/wp-content\/uploads\/2021\/04\/WhatsApp-Image-2021-04-14-at-12.33.39-300x225.jpg 300w\" sizes=\"auto, (max-width: 640px) 100vw, 640px\" \/><\/figure>\n\n\n\n<p>Junto a otros 171 municipios de la provincia, la Municipalidad de Ca\u00f1ada de G\u00f3mez adhiri\u00f3 al programa \u201cAcompa\u00f1ar\u201d impulsado por el Gobierno nacional y provincial, que consiste en la asistencia econ\u00f3mica y psicosocial a personas en riesgo por violencia de g\u00e9nero.<\/p>\n\n\n\n<p>La firma se dio en el marco de la presentaci\u00f3n del proyecto de ley para crear el Ministerio provincial de Igualdad y G\u00e9nero, como parte del Acuerdo Federal contra las Violencias de G\u00e9nero. Sobre el programa \u201cAcompa\u00f1ar\u201d, el gobernador agradeci\u00f3 a \u201ccada uno de los intendentes e intendentas de nuestra provincia que est\u00e1n participando, porque son actores desde el primer d\u00eda en la decisi\u00f3n de llevar adelante la capacitaci\u00f3n en nuestra provincia, en la aplicaci\u00f3n de la ley Micaela\u201d. \u201cTrabajar seriamente con un Estado presente tiene que tener base territorial y arraigo en cada pueblo y en cada ciudad\u201d, expres\u00f3 Perotti.<\/p>\n\n\n\n<p>Por su parte, la intendenta destac\u00f3 que \u201cla adhesi\u00f3n a este convenio es una herramienta m\u00e1s dentro de las acciones que llevamos adelante todos los d\u00edas desde el Municipio y el \u00c1rea de la Mujer en materia de paridad de g\u00e9nero y erradicaci\u00f3n de todo tipo de violencias\u201d.<\/p>\n","protected":false},"excerpt":{"rendered":"<p>Junto a otros 171 municipios de la provincia, la Municipalidad de Ca\u00f1ada de G\u00f3mez adhiri\u00f3 al programa \u201cAcompa\u00f1ar\u201d impulsado por el Gobierno nacional y provincial, que consiste en la asistencia econ\u00f3mica y psicosocial a personas en riesgo por violencia de g\u00e9nero. La firma se dio en el marco de la presentaci\u00f3n del proyecto de ley <a href=\"https:\/\/armstrongyregion.com.ar\/diario\/canada-implementara-programa-provincial-para-ayudar-a-victimas-de-violencia-de-genero\/\" title=\"Read more\" >&#8230;<\/a><\/p>\n","protected":false},"author":1,"featured_media":29719,"comment_status":"open","ping_status":"open","sticky":false,"template":"","format":"image","meta":{"_jetpack_memberships_contains_paid_content":false,"footnotes":"","jetpack_publicize_message":"","jetpack_publicize_feature_enabled":true,"jetpack_social_post_already_shared":true,"jetpack_social_options":{"image_generator_settings":{"template":"highway","default_image_id":0,"enabled":false},"version":2}},"categories":[8,7,3],"tags":[],"class_list":["post-29718","post","type-post","status-publish","format-image","has-post-thumbnail","hentry","category-deliberando","category-politica","category-region","post_format-post-format-image"],"jetpack_publicize_connections":[],"jetpack_featured_media_url":"https:\/\/armstrongyregion.com.ar\/diario\/wp-content\/uploads\/2021\/04\/WhatsApp-Image-2021-04-14-at-12.33.39.jpg","jetpack_shortlink":"https:\/\/wp.me\/p62QDO-7Jk","jetpack_sharing_enabled":true,"amp_enabled":true,"_links":{"self":[{"href":"https:\/\/armstrongyregion.com.ar\/diario\/wp-json\/wp\/v2\/posts\/29718","targetHints":{"allow":["GET"]}}],"collection":[{"href":"https:\/\/armstrongyregion.com.ar\/diario\/wp-json\/wp\/v2\/posts"}],"about":[{"href":"https:\/\/armstrongyregion.com.ar\/diario\/wp-json\/wp\/v2\/types\/post"}],"author":[{"embeddable":true,"href":"https:\/\/armstrongyregion.com.ar\/diario\/wp-json\/wp\/v2\/users\/1"}],"replies":[{"embeddable":true,"href":"https:\/\/armstrongyregion.com.ar\/diario\/wp-json\/wp\/v2\/comments?post=29718"}],"version-history":[{"count":1,"href":"https:\/\/armstrongyregion.com.ar\/diario\/wp-json\/wp\/v2\/posts\/29718\/revisions"}],"predecessor-version":[{"id":29720,"href":"https:\/\/armstrongyregion.com.ar\/diario\/wp-json\/wp\/v2\/posts\/29718\/revisions\/29720"}],"wp:featuredmedia":[{"embeddable":true,"href":"https:\/\/armstrongyregion.com.ar\/diario\/wp-json\/wp\/v2\/media\/29719"}],"wp:attachment":[{"href":"https:\/\/armstrongyregion.com.ar\/diario\/wp-json\/wp\/v2\/media?parent=29718"}],"wp:term":[{"taxonomy":"category","embeddable":true,"href":"https:\/\/armstrongyregion.com.ar\/diario\/wp-json\/wp\/v2\/categories?post=29718"},{"taxonomy":"post_tag","embeddable":true,"href":"https:\/\/armstrongyregion.com.ar\/diario\/wp-json\/wp\/v2\/tags?post=29718"}],"curies":[{"name":"wp","href":"https:\/\/api.w.org\/{rel}","templated":true}]}}