{"id":29701,"date":"2021-04-13T13:16:15","date_gmt":"2021-04-13T13:16:15","guid":{"rendered":"https:\/\/armstrongyregion.com.ar\/diario\/?p=29701"},"modified":"2021-04-13T13:18:34","modified_gmt":"2021-04-13T13:18:34","slug":"deliberando-hoy-secretaria-de-gobierno-y-referentes-del-concejo-local","status":"publish","type":"post","link":"https:\/\/armstrongyregion.com.ar\/diario\/deliberando-hoy-secretaria-de-gobierno-y-referentes-del-concejo-local\/","title":{"rendered":"Deliberando: Hoy Secretar\u00eda de Gobierno  y referentes del Concejo Local."},"content":{"rendered":"\n<figure class=\"wp-block-image size-large\"><img loading=\"lazy\" decoding=\"async\" width=\"478\" height=\"320\" src=\"http:\/\/armstrongyregion.com.ar\/diario\/wp-content\/uploads\/2021\/04\/Dani-Perez-abril-2021-.jpg\" alt=\"\" class=\"wp-image-29702\" srcset=\"https:\/\/armstrongyregion.com.ar\/diario\/wp-content\/uploads\/2021\/04\/Dani-Perez-abril-2021-.jpg 478w, https:\/\/armstrongyregion.com.ar\/diario\/wp-content\/uploads\/2021\/04\/Dani-Perez-abril-2021--300x201.jpg 300w\" sizes=\"auto, (max-width: 478px) 100vw, 478px\" \/><\/figure>\n\n\n\n<p> Hoy, martes 21hs, participara de nuestro programa la Secretaria de Gobierno Srita Daniela P\u00e9rez,  nos informara sobre el tratamiento de la pandemia en la ciudad y lo que se vendr\u00e1 de acuerdo a las disposiciones nacionales y provinciales, seguridad, econom\u00eda y temas que tienen que ver a su \u00e1rea.<\/p>\n\n\n\n<figure class=\"wp-block-image size-large\"><img loading=\"lazy\" decoding=\"async\" width=\"521\" height=\"320\" src=\"http:\/\/armstrongyregion.com.ar\/diario\/wp-content\/uploads\/2021\/04\/Pertu-abril-2021-.jpg\" alt=\"\" class=\"wp-image-29703\" srcset=\"https:\/\/armstrongyregion.com.ar\/diario\/wp-content\/uploads\/2021\/04\/Pertu-abril-2021-.jpg 521w, https:\/\/armstrongyregion.com.ar\/diario\/wp-content\/uploads\/2021\/04\/Pertu-abril-2021--300x184.jpg 300w\" sizes=\"auto, (max-width: 521px) 100vw, 521px\" \/><\/figure>\n\n\n\n<p>Luego contaremos con\nla presencia de un referente del concejo del Frente Progresista\nc\u00edvico y Social, Prof. Alejandro Pertusati, con quien trataremos\ntemas como salud publica, trabajo en el legislativo, educaci\u00f3n y\nsalud, reflexi\u00f3n sobre el gobierno provincial y juventud.<\/p>\n\n\n\n<figure class=\"wp-block-image size-large\"><img loading=\"lazy\" decoding=\"async\" width=\"495\" height=\"320\" src=\"http:\/\/armstrongyregion.com.ar\/diario\/wp-content\/uploads\/2021\/04\/emiliano-abril-2021-.jpg\" alt=\"\" class=\"wp-image-29704\" srcset=\"https:\/\/armstrongyregion.com.ar\/diario\/wp-content\/uploads\/2021\/04\/emiliano-abril-2021-.jpg 495w, https:\/\/armstrongyregion.com.ar\/diario\/wp-content\/uploads\/2021\/04\/emiliano-abril-2021--300x194.jpg 300w\" sizes=\"auto, (max-width: 495px) 100vw, 495px\" \/><\/figure>\n\n\n\n<p>Finalmente cerrara\nnuestro programa el concejal de Renovaci\u00f3n por Armstrong, Emiliano\nGramigna,  con quien hablaremos del trabajo en el legislativo,\neducaci\u00f3n, pandemia, juventud y reflexi\u00f3n sobre el 2021 a\u00f1o\nelectoral, no solamente en el legislativo sino que en nuestra ciudad\nhabr\u00e1 elecciones de intendente.<\/p>\n\n\n\n<p>Martes 21hs. Por\nCable Imagen Armstrong.<\/p>\n\n\n\n<p>Reiteraci\u00f3n,\nmi\u00e9rcoles 13,30hs y domingos 12hs.<\/p>\n","protected":false},"excerpt":{"rendered":"<p>Hoy, martes 21hs, participara de nuestro programa la Secretaria de Gobierno Srita Daniela P\u00e9rez, nos informara sobre el tratamiento de la pandemia en la ciudad y lo que se vendr\u00e1 de acuerdo a las disposiciones nacionales y provinciales, seguridad, econom\u00eda y temas que tienen que ver a su \u00e1rea. Luego contaremos con la presencia de <a href=\"https:\/\/armstrongyregion.com.ar\/diario\/deliberando-hoy-secretaria-de-gobierno-y-referentes-del-concejo-local\/\" title=\"Read more\" >&#8230;<\/a><\/p>\n","protected":false},"author":1,"featured_media":29702,"comment_status":"open","ping_status":"open","sticky":false,"template":"","format":"image","meta":{"_jetpack_memberships_contains_paid_content":false,"footnotes":"","jetpack_publicize_message":"","jetpack_publicize_feature_enabled":true,"jetpack_social_post_already_shared":true,"jetpack_social_options":{"image_generator_settings":{"template":"highway","default_image_id":0,"enabled":false},"version":2}},"categories":[8,1,2,7],"tags":[],"class_list":["post-29701","post","type-post","status-publish","format-image","has-post-thumbnail","hentry","category-deliberando","category-diario-armstrong","category-locales","category-politica","post_format-post-format-image"],"jetpack_publicize_connections":[],"jetpack_featured_media_url":"https:\/\/armstrongyregion.com.ar\/diario\/wp-content\/uploads\/2021\/04\/Dani-Perez-abril-2021-.jpg","jetpack_shortlink":"https:\/\/wp.me\/p62QDO-7J3","jetpack_sharing_enabled":true,"amp_enabled":true,"_links":{"self":[{"href":"https:\/\/armstrongyregion.com.ar\/diario\/wp-json\/wp\/v2\/posts\/29701","targetHints":{"allow":["GET"]}}],"collection":[{"href":"https:\/\/armstrongyregion.com.ar\/diario\/wp-json\/wp\/v2\/posts"}],"about":[{"href":"https:\/\/armstrongyregion.com.ar\/diario\/wp-json\/wp\/v2\/types\/post"}],"author":[{"embeddable":true,"href":"https:\/\/armstrongyregion.com.ar\/diario\/wp-json\/wp\/v2\/users\/1"}],"replies":[{"embeddable":true,"href":"https:\/\/armstrongyregion.com.ar\/diario\/wp-json\/wp\/v2\/comments?post=29701"}],"version-history":[{"count":2,"href":"https:\/\/armstrongyregion.com.ar\/diario\/wp-json\/wp\/v2\/posts\/29701\/revisions"}],"predecessor-version":[{"id":29706,"href":"https:\/\/armstrongyregion.com.ar\/diario\/wp-json\/wp\/v2\/posts\/29701\/revisions\/29706"}],"wp:featuredmedia":[{"embeddable":true,"href":"https:\/\/armstrongyregion.com.ar\/diario\/wp-json\/wp\/v2\/media\/29702"}],"wp:attachment":[{"href":"https:\/\/armstrongyregion.com.ar\/diario\/wp-json\/wp\/v2\/media?parent=29701"}],"wp:term":[{"taxonomy":"category","embeddable":true,"href":"https:\/\/armstrongyregion.com.ar\/diario\/wp-json\/wp\/v2\/categories?post=29701"},{"taxonomy":"post_tag","embeddable":true,"href":"https:\/\/armstrongyregion.com.ar\/diario\/wp-json\/wp\/v2\/tags?post=29701"}],"curies":[{"name":"wp","href":"https:\/\/api.w.org\/{rel}","templated":true}]}}