{"id":29686,"date":"2021-04-12T11:19:37","date_gmt":"2021-04-12T11:19:37","guid":{"rendered":"https:\/\/armstrongyregion.com.ar\/diario\/?p=29686"},"modified":"2021-04-12T11:19:40","modified_gmt":"2021-04-12T11:19:40","slug":"biomecanica-de-la-marcha-prevencion-y-tratamiento-por-lic-clara-silvi","status":"publish","type":"post","link":"https:\/\/armstrongyregion.com.ar\/diario\/biomecanica-de-la-marcha-prevencion-y-tratamiento-por-lic-clara-silvi\/","title":{"rendered":"Biomec\u00e1nica de la marcha. Prevenci\u00f3n y tratamiento.  Por Lic. Clara Silvi."},"content":{"rendered":"\n<figure class=\"wp-block-image size-large\"><img loading=\"lazy\" decoding=\"async\" width=\"515\" height=\"320\" src=\"http:\/\/armstrongyregion.com.ar\/diario\/wp-content\/uploads\/2021\/04\/Clara-Silvi-abril-2021-.jpg\" alt=\"\" class=\"wp-image-29687\" srcset=\"https:\/\/armstrongyregion.com.ar\/diario\/wp-content\/uploads\/2021\/04\/Clara-Silvi-abril-2021-.jpg 515w, https:\/\/armstrongyregion.com.ar\/diario\/wp-content\/uploads\/2021\/04\/Clara-Silvi-abril-2021--300x186.jpg 300w\" sizes=\"auto, (max-width: 515px) 100vw, 515px\" \/><\/figure>\n\n\n\n<p>\nLa marcha se produce como resultado de la acci\u00f3n coordinada de\ndiversos sistemas musculares. El hombre, por su condici\u00f3n b\u00edpeda,\nutiliza principalmente los de la cintura p\u00e9lvica y miembros\ninferiores, aunque, en menor medida, la cintura escapular, tronco y\nlos superiores tambi\u00e9n contribuyen a la perfecci\u00f3n del movimiento.<\/p>\n\n\n\n<p> Determinados\nprocesos neurol\u00f3gicos modifican las caracter\u00edsticas de la marcha\nnormal como consecuencia de la alteraci\u00f3n de la fuerza de los\nm\u00fasculos que intervienen, o de la coordinaci\u00f3n que debe existir\nentre ellos, condicionando una marcha caracter\u00edstica de cada\nsituaci\u00f3n. \n<\/p>\n\n\n\n<p>El inter\u00e9s del\nconocimiento de los mecanismos de la marcha y de sus alteraciones\nreside en su utilidad como herramienta para el diagn\u00f3stico\ndiferencial entre diversas enfermedades.<\/p>\n\n\n\n<p> En este \u201cPrevenci\u00f3n\ny Salud\u201d de la mano de nuestra invitada Dra. Clara Silvi,  vamos a\ninteriorizarnos cual es el mecanismo de la marcha normal y las\nmodificaciones mas t\u00edpicas que se producen en el curso de diversas\nenfermedades, su diagnostico y  tratamiento.<\/p>\n\n\n\n<p>Tambi\u00e9n haremos\nhincapi\u00e9 en la prevenci\u00f3n, cuando y porque consultar.<\/p>\n\n\n\n<p>Fuente. Programa Tv.\nPrevenci\u00f3n y Salud.<\/p>\n\n\n\n<p>Lic. en Kinesiologia\ny Fisiatr\u00eda. Especialista en Quiropraxia Clara Silvi.<\/p>\n\n\n\n<p>Lunes 12 de Abril.\n13,30hs.<\/p>\n\n\n\n<p>Reiteraci\u00f3n Jueves\n20hs y S\u00e1bados 12,30hs.<\/p>\n","protected":false},"excerpt":{"rendered":"<p>La marcha se produce como resultado de la acci\u00f3n coordinada de diversos sistemas musculares. El hombre, por su condici\u00f3n b\u00edpeda, utiliza principalmente los de la cintura p\u00e9lvica y miembros inferiores, aunque, en menor medida, la cintura escapular, tronco y los superiores tambi\u00e9n contribuyen a la perfecci\u00f3n del movimiento. Determinados procesos neurol\u00f3gicos modifican las caracter\u00edsticas de <a href=\"https:\/\/armstrongyregion.com.ar\/diario\/biomecanica-de-la-marcha-prevencion-y-tratamiento-por-lic-clara-silvi\/\" title=\"Read more\" >&#8230;<\/a><\/p>\n","protected":false},"author":1,"featured_media":29687,"comment_status":"open","ping_status":"open","sticky":false,"template":"","format":"image","meta":{"_jetpack_memberships_contains_paid_content":false,"footnotes":"","jetpack_publicize_message":"","jetpack_publicize_feature_enabled":true,"jetpack_social_post_already_shared":true,"jetpack_social_options":{"image_generator_settings":{"template":"highway","default_image_id":0,"enabled":false},"version":2}},"categories":[8,1,2,4,3],"tags":[],"class_list":["post-29686","post","type-post","status-publish","format-image","has-post-thumbnail","hentry","category-deliberando","category-diario-armstrong","category-locales","category-prevencion-salud","category-region","post_format-post-format-image"],"jetpack_publicize_connections":[],"jetpack_featured_media_url":"https:\/\/armstrongyregion.com.ar\/diario\/wp-content\/uploads\/2021\/04\/Clara-Silvi-abril-2021-.jpg","jetpack_shortlink":"https:\/\/wp.me\/p62QDO-7IO","jetpack_sharing_enabled":true,"amp_enabled":true,"_links":{"self":[{"href":"https:\/\/armstrongyregion.com.ar\/diario\/wp-json\/wp\/v2\/posts\/29686","targetHints":{"allow":["GET"]}}],"collection":[{"href":"https:\/\/armstrongyregion.com.ar\/diario\/wp-json\/wp\/v2\/posts"}],"about":[{"href":"https:\/\/armstrongyregion.com.ar\/diario\/wp-json\/wp\/v2\/types\/post"}],"author":[{"embeddable":true,"href":"https:\/\/armstrongyregion.com.ar\/diario\/wp-json\/wp\/v2\/users\/1"}],"replies":[{"embeddable":true,"href":"https:\/\/armstrongyregion.com.ar\/diario\/wp-json\/wp\/v2\/comments?post=29686"}],"version-history":[{"count":1,"href":"https:\/\/armstrongyregion.com.ar\/diario\/wp-json\/wp\/v2\/posts\/29686\/revisions"}],"predecessor-version":[{"id":29688,"href":"https:\/\/armstrongyregion.com.ar\/diario\/wp-json\/wp\/v2\/posts\/29686\/revisions\/29688"}],"wp:featuredmedia":[{"embeddable":true,"href":"https:\/\/armstrongyregion.com.ar\/diario\/wp-json\/wp\/v2\/media\/29687"}],"wp:attachment":[{"href":"https:\/\/armstrongyregion.com.ar\/diario\/wp-json\/wp\/v2\/media?parent=29686"}],"wp:term":[{"taxonomy":"category","embeddable":true,"href":"https:\/\/armstrongyregion.com.ar\/diario\/wp-json\/wp\/v2\/categories?post=29686"},{"taxonomy":"post_tag","embeddable":true,"href":"https:\/\/armstrongyregion.com.ar\/diario\/wp-json\/wp\/v2\/tags?post=29686"}],"curies":[{"name":"wp","href":"https:\/\/api.w.org\/{rel}","templated":true}]}}