{"id":2968,"date":"2015-07-09T16:17:16","date_gmt":"2015-07-09T16:17:16","guid":{"rendered":"https:\/\/armstrongyregion.com.ar\/diario\/?p=2968"},"modified":"2015-07-09T16:17:16","modified_gmt":"2015-07-09T16:17:16","slug":"en-el-acto-del-9-de-julio-clerici-anuncio-dos-playones-polideportivo","status":"publish","type":"post","link":"https:\/\/armstrongyregion.com.ar\/diario\/en-el-acto-del-9-de-julio-clerici-anuncio-dos-playones-polideportivo\/","title":{"rendered":"En el acto del 9 de julio Clerici anunci\u00f3 dos playones polideportivo."},"content":{"rendered":"<p><a href=\"http:\/\/armstrongyregion.com.ar\/diario\/wp-content\/uploads\/2015\/07\/IMG_0860.jpg\"><img loading=\"lazy\" decoding=\"async\" class=\"alignnone size-medium wp-image-2969\" src=\"http:\/\/armstrongyregion.com.ar\/diario\/wp-content\/uploads\/2015\/07\/IMG_0860-300x200.jpg\" alt=\"Acto Clerici\" width=\"300\" height=\"200\" srcset=\"https:\/\/armstrongyregion.com.ar\/diario\/wp-content\/uploads\/2015\/07\/IMG_0860-300x200.jpg 300w, https:\/\/armstrongyregion.com.ar\/diario\/wp-content\/uploads\/2015\/07\/IMG_0860-1024x682.jpg 1024w, https:\/\/armstrongyregion.com.ar\/diario\/wp-content\/uploads\/2015\/07\/IMG_0860.jpg 1152w\" sizes=\"auto, (max-width: 300px) 100vw, 300px\" \/><\/a>En el marco de la celebraci\u00f2n por el 199\u00ba de la Declaraci\u00f3n de Independencia realizado en la plaza del barrio Brigadier General Estanislao L\u00f3pez la intendenta manifest\u00f3 que se gestionaron dos nuevos espacios p\u00fablicos polideportivos para la ciudad. Uno estar\u00e1 ubicado en la zona este mientras que el otro en zona sur, sobre calle Ovidio Lagos.<br \/>\nEn la ma\u00f1ana de hoy se realiz\u00f3 el acto por el 199\u00ba aniversario de la Declaraci\u00f3n de Independencia, en la plaza hom\u00f3nima en el barrio Brigadier General Estanislao L\u00f3pez con la participaci\u00f3n de autoridades, alumnos de escuelas, representantes de instituciones y vecinales.<br \/>\nAl hacer uso de la palabra la intendenta Stella Cl\u00e9rici anunci\u00f3 la construcci\u00f3n de dos nuevos playones polideportivo, uno de ellos ubicado en ese sector de la ciudad y el restante sobre Ovidio Lagos cercano a la plaza Eva Per\u00f3n.<br \/>\nCl\u00e8rici destac\u00f3 adem\u00e1s \u201cvamos a ser testigos de los festejos por el bicentenario de la Declaraci\u00f3n de Independencia, independencia por la que se trabaja todos los d\u00edas y quiz\u00e1 estemos en condiciones de festejarlo en el nuevo play\u00f3n\u201d. Junto con el anuncio resalt\u00f3 que Ca\u00f1ada tendr\u00e1 su primer Jard\u00edn Maternal p\u00fablico en el barrio Mercantil.<br \/>\nEn tanto Juan Torino en su car\u00e1cter de presidente de la \u201cVecinal 11 de octubre\u201d agradeci\u00f3 el acompa\u00f1amiento del municipio en las mejoras que ha tenido el barrio. Posteriormente se reconoci\u00f3 la participaci\u00f3n de las escuelas en el concurso fotogr\u00e1fico en el Cabildo montado en Plaza de Colectividades.<\/p>\n","protected":false},"excerpt":{"rendered":"<p>En el marco de la celebraci\u00f2n por el 199\u00ba de la Declaraci\u00f3n de Independencia realizado en la plaza del barrio Brigadier General Estanislao L\u00f3pez la intendenta manifest\u00f3 que se gestionaron dos nuevos espacios p\u00fablicos polideportivos para la ciudad. Uno estar\u00e1 ubicado en la zona este mientras que el otro en zona sur, sobre calle Ovidio <a href=\"https:\/\/armstrongyregion.com.ar\/diario\/en-el-acto-del-9-de-julio-clerici-anuncio-dos-playones-polideportivo\/\" title=\"Read more\" >&#8230;<\/a><\/p>\n","protected":false},"author":2,"featured_media":2969,"comment_status":"open","ping_status":"open","sticky":false,"template":"","format":"standard","meta":{"_jetpack_memberships_contains_paid_content":false,"footnotes":"","jetpack_publicize_message":"","jetpack_publicize_feature_enabled":true,"jetpack_social_post_already_shared":false,"jetpack_social_options":{"image_generator_settings":{"template":"highway","default_image_id":0,"enabled":false},"version":2}},"categories":[1,3],"tags":[485,1212,835,83,19,53,831,16,15,2196,2209,383],"class_list":["post-2968","post","type-post","status-publish","format-standard","has-post-thumbnail","hentry","category-diario-armstrong","category-region","tag-485","tag-acto","tag-anuncio","tag-clerici","tag-de","tag-del","tag-dos","tag-el","tag-en","tag-julio","tag-playones","tag-polideportivo"],"jetpack_publicize_connections":[],"jetpack_featured_media_url":"https:\/\/armstrongyregion.com.ar\/diario\/wp-content\/uploads\/2015\/07\/IMG_0860.jpg","jetpack_shortlink":"https:\/\/wp.me\/p62QDO-LS","jetpack_sharing_enabled":true,"amp_enabled":true,"_links":{"self":[{"href":"https:\/\/armstrongyregion.com.ar\/diario\/wp-json\/wp\/v2\/posts\/2968","targetHints":{"allow":["GET"]}}],"collection":[{"href":"https:\/\/armstrongyregion.com.ar\/diario\/wp-json\/wp\/v2\/posts"}],"about":[{"href":"https:\/\/armstrongyregion.com.ar\/diario\/wp-json\/wp\/v2\/types\/post"}],"author":[{"embeddable":true,"href":"https:\/\/armstrongyregion.com.ar\/diario\/wp-json\/wp\/v2\/users\/2"}],"replies":[{"embeddable":true,"href":"https:\/\/armstrongyregion.com.ar\/diario\/wp-json\/wp\/v2\/comments?post=2968"}],"version-history":[{"count":0,"href":"https:\/\/armstrongyregion.com.ar\/diario\/wp-json\/wp\/v2\/posts\/2968\/revisions"}],"wp:featuredmedia":[{"embeddable":true,"href":"https:\/\/armstrongyregion.com.ar\/diario\/wp-json\/wp\/v2\/media\/2969"}],"wp:attachment":[{"href":"https:\/\/armstrongyregion.com.ar\/diario\/wp-json\/wp\/v2\/media?parent=2968"}],"wp:term":[{"taxonomy":"category","embeddable":true,"href":"https:\/\/armstrongyregion.com.ar\/diario\/wp-json\/wp\/v2\/categories?post=2968"},{"taxonomy":"post_tag","embeddable":true,"href":"https:\/\/armstrongyregion.com.ar\/diario\/wp-json\/wp\/v2\/tags?post=2968"}],"curies":[{"name":"wp","href":"https:\/\/api.w.org\/{rel}","templated":true}]}}