{"id":29673,"date":"2021-04-10T20:14:09","date_gmt":"2021-04-10T20:14:09","guid":{"rendered":"https:\/\/armstrongyregion.com.ar\/diario\/?p=29673"},"modified":"2021-04-10T20:14:12","modified_gmt":"2021-04-10T20:14:12","slug":"clerici-y-casalegno-anunciaron-avances-en-las-gestiones-para-el-edificio-propio-del-profesorado","status":"publish","type":"post","link":"https:\/\/armstrongyregion.com.ar\/diario\/clerici-y-casalegno-anunciaron-avances-en-las-gestiones-para-el-edificio-propio-del-profesorado\/","title":{"rendered":"Cl\u00e9rici y Casalegno anunciaron avances en las gestiones para el edificio propio del profesorado."},"content":{"rendered":"\n<figure class=\"wp-block-image size-large\"><img loading=\"lazy\" decoding=\"async\" width=\"640\" height=\"480\" src=\"http:\/\/armstrongyregion.com.ar\/diario\/wp-content\/uploads\/2021\/04\/clerici-casalegno.jpg\" alt=\"\" class=\"wp-image-29674\" srcset=\"https:\/\/armstrongyregion.com.ar\/diario\/wp-content\/uploads\/2021\/04\/clerici-casalegno.jpg 640w, https:\/\/armstrongyregion.com.ar\/diario\/wp-content\/uploads\/2021\/04\/clerici-casalegno-300x225.jpg 300w\" sizes=\"auto, (max-width: 640px) 100vw, 640px\" \/><\/figure>\n\n\n\n<p> La intendenta Stella Cl\u00e9rici y el presidente del Concejo, Marcelo Casalegno, mantuvieron un nuevo encuentro con autoridades del Instituto Superior del Profesorado N\u00b0 5 \u201cPerito Francisco Moreno\u201d, para anunciar avances en las gestiones por la construcci\u00f3n del edificio propio.<br>Puntualmente informaron que el gobernador provincial Omar Perotti envi\u00f3 a la legislatura santafesina, el pedido de tratamiento y sanci\u00f3n definitiva del proyecto de ley por el cual se declara de utilidad p\u00fablica y sujeto a expropiaci\u00f3n, una fracci\u00f3n de terreno delimitado por las calles Maip\u00fa, Corrientes y Avenida Argentina.<br>En este sentido, la solicitud del gobierno provincial destaca que en la actualidad la instituci\u00f3n cuenta con aproximadamente mil ciento cincuenta y cuatro estudiantes de formaci\u00f3n inicial, cuatrocientos veintid\u00f3s ingresantes de primer a\u00f1o en 2021, diez carreras, nueve profesorados y una tecnicatura Superior, siendo sede para acciones de Especializaciones del Instituto Nacional de Formaci\u00f3n Docente y participando de proyectos del INET por su Tecnicatura Superior.<br>\u201cSeguimos trabajando junto a esta important\u00edsima casa de estudios superiores para Ca\u00f1ada y la regi\u00f3n, agradecemos al gobernador Omar Perotti por hacerse eco de nuestra iniciativa, solicitando a la legislatura el proyecto de ley que permite avanzar hacia la concreci\u00f3n del terreno para la posterior construcci\u00f3n del edificio propio\u201d, expres\u00f3 Casalegno. <\/p>\n","protected":false},"excerpt":{"rendered":"<p>La intendenta Stella Cl\u00e9rici y el presidente del Concejo, Marcelo Casalegno, mantuvieron un nuevo encuentro con autoridades del Instituto Superior del Profesorado N\u00b0 5 \u201cPerito Francisco Moreno\u201d, para anunciar avances en las gestiones por la construcci\u00f3n del edificio propio.Puntualmente informaron que el gobernador provincial Omar Perotti envi\u00f3 a la legislatura santafesina, el pedido de tratamiento <a href=\"https:\/\/armstrongyregion.com.ar\/diario\/clerici-y-casalegno-anunciaron-avances-en-las-gestiones-para-el-edificio-propio-del-profesorado\/\" title=\"Read more\" >&#8230;<\/a><\/p>\n","protected":false},"author":1,"featured_media":29674,"comment_status":"open","ping_status":"open","sticky":false,"template":"","format":"image","meta":{"_jetpack_memberships_contains_paid_content":false,"footnotes":"","jetpack_publicize_message":"","jetpack_publicize_feature_enabled":true,"jetpack_social_post_already_shared":true,"jetpack_social_options":{"image_generator_settings":{"template":"highway","default_image_id":0,"enabled":false},"version":2}},"categories":[8,1,2,7,3],"tags":[],"class_list":["post-29673","post","type-post","status-publish","format-image","has-post-thumbnail","hentry","category-deliberando","category-diario-armstrong","category-locales","category-politica","category-region","post_format-post-format-image"],"jetpack_publicize_connections":[],"jetpack_featured_media_url":"https:\/\/armstrongyregion.com.ar\/diario\/wp-content\/uploads\/2021\/04\/clerici-casalegno.jpg","jetpack_shortlink":"https:\/\/wp.me\/p62QDO-7IB","jetpack_sharing_enabled":true,"amp_enabled":true,"_links":{"self":[{"href":"https:\/\/armstrongyregion.com.ar\/diario\/wp-json\/wp\/v2\/posts\/29673","targetHints":{"allow":["GET"]}}],"collection":[{"href":"https:\/\/armstrongyregion.com.ar\/diario\/wp-json\/wp\/v2\/posts"}],"about":[{"href":"https:\/\/armstrongyregion.com.ar\/diario\/wp-json\/wp\/v2\/types\/post"}],"author":[{"embeddable":true,"href":"https:\/\/armstrongyregion.com.ar\/diario\/wp-json\/wp\/v2\/users\/1"}],"replies":[{"embeddable":true,"href":"https:\/\/armstrongyregion.com.ar\/diario\/wp-json\/wp\/v2\/comments?post=29673"}],"version-history":[{"count":1,"href":"https:\/\/armstrongyregion.com.ar\/diario\/wp-json\/wp\/v2\/posts\/29673\/revisions"}],"predecessor-version":[{"id":29675,"href":"https:\/\/armstrongyregion.com.ar\/diario\/wp-json\/wp\/v2\/posts\/29673\/revisions\/29675"}],"wp:featuredmedia":[{"embeddable":true,"href":"https:\/\/armstrongyregion.com.ar\/diario\/wp-json\/wp\/v2\/media\/29674"}],"wp:attachment":[{"href":"https:\/\/armstrongyregion.com.ar\/diario\/wp-json\/wp\/v2\/media?parent=29673"}],"wp:term":[{"taxonomy":"category","embeddable":true,"href":"https:\/\/armstrongyregion.com.ar\/diario\/wp-json\/wp\/v2\/categories?post=29673"},{"taxonomy":"post_tag","embeddable":true,"href":"https:\/\/armstrongyregion.com.ar\/diario\/wp-json\/wp\/v2\/tags?post=29673"}],"curies":[{"name":"wp","href":"https:\/\/api.w.org\/{rel}","templated":true}]}}