{"id":29632,"date":"2021-04-08T01:01:08","date_gmt":"2021-04-08T01:01:08","guid":{"rendered":"https:\/\/armstrongyregion.com.ar\/diario\/?p=29632"},"modified":"2021-04-08T01:38:47","modified_gmt":"2021-04-08T01:38:47","slug":"verdecchia-desde-hacia-muchisimos-anos-no-se-veia-que-un-gobierno-provincial-a-la-hora-de-entregar-fondos-lo-hiciera-a-ciudades-del-mismo-signo-politico","status":"publish","type":"post","link":"https:\/\/armstrongyregion.com.ar\/diario\/verdecchia-desde-hacia-muchisimos-anos-no-se-veia-que-un-gobierno-provincial-a-la-hora-de-entregar-fondos-lo-hiciera-a-ciudades-del-mismo-signo-politico\/","title":{"rendered":"Verdecchia: \u201cDesde hacia much\u00edsimos a\u00f1os no se ve\u00eda que un gobierno provincial a la hora de entregar fondos lo hiciera s\u00f3lo a ciudades del mismo signo pol\u00edtico\u201d."},"content":{"rendered":"\n<figure class=\"wp-block-image size-large\"><img loading=\"lazy\" decoding=\"async\" width=\"658\" height=\"320\" src=\"http:\/\/armstrongyregion.com.ar\/diario\/wp-content\/uploads\/2021\/04\/Verdecchia-iluminaci\u00f3n-Schaer1-.jpg\" alt=\"\" class=\"wp-image-29633\" srcset=\"https:\/\/armstrongyregion.com.ar\/diario\/wp-content\/uploads\/2021\/04\/Verdecchia-iluminaci\u00f3n-Schaer1-.jpg 658w, https:\/\/armstrongyregion.com.ar\/diario\/wp-content\/uploads\/2021\/04\/Verdecchia-iluminaci\u00f3n-Schaer1--300x146.jpg 300w\" sizes=\"auto, (max-width: 658px) 100vw, 658px\" \/><\/figure>\n\n\n\n<h2 class=\"wp-block-heading\"> <strong>As\u00ed cerraba su nota el intendente local Dr. Pablo Verdecchia cuando fue consultado sobre el programa Incluir y cuanto dinero tendr\u00eda que llegar a la ciudad para avanzar con diversas obras. <\/strong> <\/h2>\n\n\n\n<figure class=\"wp-block-image size-large\"><img loading=\"lazy\" decoding=\"async\" width=\"1045\" height=\"640\" src=\"https:\/\/i2.wp.com\/armstrongyregion.com.ar\/diario\/wp-content\/uploads\/2021\/04\/Verdecchia-iluminacion-Schaer-2-.jpg?fit=800%2C490&amp;ssl=1\" alt=\"\" class=\"wp-image-29634\" srcset=\"https:\/\/armstrongyregion.com.ar\/diario\/wp-content\/uploads\/2021\/04\/Verdecchia-iluminacion-Schaer-2-.jpg 1045w, https:\/\/armstrongyregion.com.ar\/diario\/wp-content\/uploads\/2021\/04\/Verdecchia-iluminacion-Schaer-2--300x184.jpg 300w, https:\/\/armstrongyregion.com.ar\/diario\/wp-content\/uploads\/2021\/04\/Verdecchia-iluminacion-Schaer-2--1024x627.jpg 1024w, https:\/\/armstrongyregion.com.ar\/diario\/wp-content\/uploads\/2021\/04\/Verdecchia-iluminacion-Schaer-2--768x470.jpg 768w\" sizes=\"auto, (max-width: 1045px) 100vw, 1045px\" \/><\/figure>\n\n\n\n<p>\nEl intendente inform\u00f3: \u201cEl programa Incluir tiene que ver con\nmontos que reemplazar\u00edan al Fondo de Obras Menores que recib\u00edamos\na\u00f1o tras a\u00f1o. A nosotros se nos otorgar\u00eda  alrededor de 16\nmillones y medio que hemos presentado informativamente al concejo,\npara acciones de cord\u00f3n cuneta sobre calle Elisa, para poder\ncontinuar sobre el sector sureste de la ciudad luego todo lo que\ntiene ver con obras en  Irigoyen y Pedro Ferrero tambi\u00e9n El Olivo y\nqueremos avanzar con el nivel de calles de urbanizaci\u00f3n y\neliminaci\u00f3n de cunetas dentro de la ciudad\u201d. \n<\/p>\n\n\n\n<p>Verdecchia a\u00f1adi\u00f3:\n\u201cEstos son proyectos ambiciosos pero hemos visto desgraciadamente\ncomo hacia much\u00edsimos a\u00f1os no se ve\u00eda una discrecionalidad\ncompleta del gobierno provincial a la hora de entregar fondos del\nPrograma Icluir ya que se est\u00e1n otorgando exclusivamente a ciudades\ndel mismo signo pol\u00edtico con dos o tres excepciones en la provincia\ny la verdad que es una pena. Parece que los ciudadanos de Armstrong\nno fuesen santafesinos. Hemos hecho los reclamos y seguiremos\ntrabajando para mejorar la calidad de vida de los vecinos\u201d.<\/p>\n\n\n\n<p><strong>Se inaugur\u00f3\nnueva iluminaci\u00f3n del acceso por calle Schaer.<\/strong><\/p>\n\n\n\n<p>El\nintendente Verdecchia acompa\u00f1ado por el Gerente de la Cooperativa de\nObras y Servicios P\u00fablicos Ing. Ricardo Airasca y funcionarios\nmunicipales inauguraron el pasado martes 6 de abril, la iluminaci\u00f3n\nde Ruta N.\u00ba 15 y calle Schaer. Esta obra es  parte de un proyecto\nintegral para mejorar la seguridad de todo el sector de la ciudad,\nque contempl\u00f3 primero la colocaci\u00f3n de iluminaci\u00f3n en Ruta N\u00b0 15\ny Calle Flotron, luego en la bicisenda del Paseo Saludable.<\/p>\n\n\n\n<p>\u201cEsta\nnueva obra que empezamos a disfrutar los armstronenses, fue dise\u00f1ada\ny ejecutada para mejorar la seguridad vial en unos de los accesos\nprincipales a la ciudad\u201d. Expres\u00f3 el mandatario.<\/p>\n","protected":false},"excerpt":{"rendered":"<p>As\u00ed cerraba su nota el intendente local Dr. Pablo Verdecchia cuando fue consultado sobre el programa Incluir y cuanto dinero tendr\u00eda que llegar a la ciudad para avanzar con diversas obras. El intendente inform\u00f3: \u201cEl programa Incluir tiene que ver con montos que reemplazar\u00edan al Fondo de Obras Menores que recib\u00edamos a\u00f1o tras a\u00f1o. A <a href=\"https:\/\/armstrongyregion.com.ar\/diario\/verdecchia-desde-hacia-muchisimos-anos-no-se-veia-que-un-gobierno-provincial-a-la-hora-de-entregar-fondos-lo-hiciera-a-ciudades-del-mismo-signo-politico\/\" title=\"Read more\" >&#8230;<\/a><\/p>\n","protected":false},"author":1,"featured_media":29633,"comment_status":"open","ping_status":"open","sticky":false,"template":"","format":"image","meta":{"_jetpack_memberships_contains_paid_content":false,"footnotes":"","jetpack_publicize_message":"","jetpack_publicize_feature_enabled":true,"jetpack_social_post_already_shared":true,"jetpack_social_options":{"image_generator_settings":{"template":"highway","default_image_id":0,"enabled":false},"version":2}},"categories":[8,1,2,7,3],"tags":[],"class_list":["post-29632","post","type-post","status-publish","format-image","has-post-thumbnail","hentry","category-deliberando","category-diario-armstrong","category-locales","category-politica","category-region","post_format-post-format-image"],"jetpack_publicize_connections":[],"jetpack_featured_media_url":"https:\/\/armstrongyregion.com.ar\/diario\/wp-content\/uploads\/2021\/04\/Verdecchia-iluminaci\u00f3n-Schaer1-.jpg","jetpack_shortlink":"https:\/\/wp.me\/p62QDO-7HW","jetpack_sharing_enabled":true,"amp_enabled":true,"_links":{"self":[{"href":"https:\/\/armstrongyregion.com.ar\/diario\/wp-json\/wp\/v2\/posts\/29632","targetHints":{"allow":["GET"]}}],"collection":[{"href":"https:\/\/armstrongyregion.com.ar\/diario\/wp-json\/wp\/v2\/posts"}],"about":[{"href":"https:\/\/armstrongyregion.com.ar\/diario\/wp-json\/wp\/v2\/types\/post"}],"author":[{"embeddable":true,"href":"https:\/\/armstrongyregion.com.ar\/diario\/wp-json\/wp\/v2\/users\/1"}],"replies":[{"embeddable":true,"href":"https:\/\/armstrongyregion.com.ar\/diario\/wp-json\/wp\/v2\/comments?post=29632"}],"version-history":[{"count":2,"href":"https:\/\/armstrongyregion.com.ar\/diario\/wp-json\/wp\/v2\/posts\/29632\/revisions"}],"predecessor-version":[{"id":29642,"href":"https:\/\/armstrongyregion.com.ar\/diario\/wp-json\/wp\/v2\/posts\/29632\/revisions\/29642"}],"wp:featuredmedia":[{"embeddable":true,"href":"https:\/\/armstrongyregion.com.ar\/diario\/wp-json\/wp\/v2\/media\/29633"}],"wp:attachment":[{"href":"https:\/\/armstrongyregion.com.ar\/diario\/wp-json\/wp\/v2\/media?parent=29632"}],"wp:term":[{"taxonomy":"category","embeddable":true,"href":"https:\/\/armstrongyregion.com.ar\/diario\/wp-json\/wp\/v2\/categories?post=29632"},{"taxonomy":"post_tag","embeddable":true,"href":"https:\/\/armstrongyregion.com.ar\/diario\/wp-json\/wp\/v2\/tags?post=29632"}],"curies":[{"name":"wp","href":"https:\/\/api.w.org\/{rel}","templated":true}]}}