{"id":29610,"date":"2021-04-06T15:29:51","date_gmt":"2021-04-06T15:29:51","guid":{"rendered":"https:\/\/armstrongyregion.com.ar\/diario\/?p=29610"},"modified":"2021-04-06T15:29:54","modified_gmt":"2021-04-06T15:29:54","slug":"deliberando-hoy-prof-omar-maiani-actual-supervisor-general-de-ensenanza-secundaria-de-la-region-v","status":"publish","type":"post","link":"https:\/\/armstrongyregion.com.ar\/diario\/deliberando-hoy-prof-omar-maiani-actual-supervisor-general-de-ensenanza-secundaria-de-la-region-v\/","title":{"rendered":"Deliberando: Hoy, Prof. Omar Maiani actual Supervisor General de Ense\u00f1anza Secundaria de la Regi\u00f3n V."},"content":{"rendered":"\n<figure class=\"wp-block-image size-large\"><img loading=\"lazy\" decoding=\"async\" width=\"560\" height=\"320\" src=\"http:\/\/armstrongyregion.com.ar\/diario\/wp-content\/uploads\/2021\/04\/Omar-Maiani-abril-2021-.jpg\" alt=\"\" class=\"wp-image-29611\" srcset=\"https:\/\/armstrongyregion.com.ar\/diario\/wp-content\/uploads\/2021\/04\/Omar-Maiani-abril-2021-.jpg 560w, https:\/\/armstrongyregion.com.ar\/diario\/wp-content\/uploads\/2021\/04\/Omar-Maiani-abril-2021--300x171.jpg 300w\" sizes=\"auto, (max-width: 560px) 100vw, 560px\" \/><\/figure>\n\n\n\n<p>\nEl\nprofesor Omar Maiani,  ex- director en la Escuela de Comercio N\u00b0 51,\nhoy  actual Supervisor General de Ense\u00f1anza Secundaria de la Regi\u00f3n\nV participara hoy, martes 6 de abril en el programa televisivo\nDeliberando.<\/p>\n\n\n\n<p>\nAcompa\u00f1a\nla labor de 19 directivos de escuelas de educaci\u00f3n media de la\nregi\u00f3n. En que condiciones edilicias se encuentran estas escuelas,\nnecesitaron refacci\u00f3n, llegaron recursos en tiempo y forma?<\/p>\n\n\n\n<p> Consultaremos con que se encontr\u00f3 en la regi\u00f3n V, como es este nuevo trabajo bajo la supervisi\u00f3n y compa\u00f1\u00eda del Prof. Guillermo Virgili.<\/p>\n\n\n\n<p>\nComo\nes trabajar en tiempos de pandemia en el aula?.<\/p>\n\n\n\n<p>\n\nSeg\u00fan\nsu criterio, como est\u00e1n adaptados y como se controlan los protocolos\npara la prevenci\u00f3n de covid-19 en cada instituci\u00f3n. Como debiera\nfuncionar la educaci\u00f3n dividiendo un curso en burbuja?.<\/p>\n\n\n\n<p>\nY\npor \u00faltimo consultaremos si existe la posibilidad de que en este a\u00f1o\nvuelva al ruedo pol\u00edtico o elija la educaci\u00f3n. \n<\/p>\n\n\n\n<p>\nMartes\n6 de abril. 21hs. Por Cable Imagen Armstrong.<\/p>\n","protected":false},"excerpt":{"rendered":"<p>El profesor Omar Maiani, ex- director en la Escuela de Comercio N\u00b0 51, hoy actual Supervisor General de Ense\u00f1anza Secundaria de la Regi\u00f3n V participara hoy, martes 6 de abril en el programa televisivo Deliberando. Acompa\u00f1a la labor de 19 directivos de escuelas de educaci\u00f3n media de la regi\u00f3n. En que condiciones edilicias se encuentran <a href=\"https:\/\/armstrongyregion.com.ar\/diario\/deliberando-hoy-prof-omar-maiani-actual-supervisor-general-de-ensenanza-secundaria-de-la-region-v\/\" title=\"Read more\" >&#8230;<\/a><\/p>\n","protected":false},"author":1,"featured_media":29611,"comment_status":"open","ping_status":"open","sticky":false,"template":"","format":"image","meta":{"_jetpack_memberships_contains_paid_content":false,"footnotes":"","jetpack_publicize_message":"","jetpack_publicize_feature_enabled":true,"jetpack_social_post_already_shared":true,"jetpack_social_options":{"image_generator_settings":{"template":"highway","default_image_id":0,"enabled":false},"version":2}},"categories":[6,8,1,2,7,3],"tags":[],"class_list":["post-29610","post","type-post","status-publish","format-image","has-post-thumbnail","hentry","category-cultura-entretenimiento","category-deliberando","category-diario-armstrong","category-locales","category-politica","category-region","post_format-post-format-image"],"jetpack_publicize_connections":[],"jetpack_featured_media_url":"https:\/\/armstrongyregion.com.ar\/diario\/wp-content\/uploads\/2021\/04\/Omar-Maiani-abril-2021-.jpg","jetpack_shortlink":"https:\/\/wp.me\/p62QDO-7HA","jetpack_sharing_enabled":true,"amp_enabled":true,"_links":{"self":[{"href":"https:\/\/armstrongyregion.com.ar\/diario\/wp-json\/wp\/v2\/posts\/29610","targetHints":{"allow":["GET"]}}],"collection":[{"href":"https:\/\/armstrongyregion.com.ar\/diario\/wp-json\/wp\/v2\/posts"}],"about":[{"href":"https:\/\/armstrongyregion.com.ar\/diario\/wp-json\/wp\/v2\/types\/post"}],"author":[{"embeddable":true,"href":"https:\/\/armstrongyregion.com.ar\/diario\/wp-json\/wp\/v2\/users\/1"}],"replies":[{"embeddable":true,"href":"https:\/\/armstrongyregion.com.ar\/diario\/wp-json\/wp\/v2\/comments?post=29610"}],"version-history":[{"count":1,"href":"https:\/\/armstrongyregion.com.ar\/diario\/wp-json\/wp\/v2\/posts\/29610\/revisions"}],"predecessor-version":[{"id":29612,"href":"https:\/\/armstrongyregion.com.ar\/diario\/wp-json\/wp\/v2\/posts\/29610\/revisions\/29612"}],"wp:featuredmedia":[{"embeddable":true,"href":"https:\/\/armstrongyregion.com.ar\/diario\/wp-json\/wp\/v2\/media\/29611"}],"wp:attachment":[{"href":"https:\/\/armstrongyregion.com.ar\/diario\/wp-json\/wp\/v2\/media?parent=29610"}],"wp:term":[{"taxonomy":"category","embeddable":true,"href":"https:\/\/armstrongyregion.com.ar\/diario\/wp-json\/wp\/v2\/categories?post=29610"},{"taxonomy":"post_tag","embeddable":true,"href":"https:\/\/armstrongyregion.com.ar\/diario\/wp-json\/wp\/v2\/tags?post=29610"}],"curies":[{"name":"wp","href":"https:\/\/api.w.org\/{rel}","templated":true}]}}