{"id":29598,"date":"2021-04-05T21:33:57","date_gmt":"2021-04-05T21:33:57","guid":{"rendered":"https:\/\/armstrongyregion.com.ar\/diario\/?p=29598"},"modified":"2021-04-05T21:34:01","modified_gmt":"2021-04-05T21:34:01","slug":"armstrong-trabajos-de-bacheo-sobre-calle-schaer","status":"publish","type":"post","link":"https:\/\/armstrongyregion.com.ar\/diario\/armstrong-trabajos-de-bacheo-sobre-calle-schaer\/","title":{"rendered":"Armstrong. Trabajos de bacheo sobre calle Schaer."},"content":{"rendered":"\n<figure class=\"wp-block-image size-large\"><img loading=\"lazy\" decoding=\"async\" width=\"516\" height=\"387\" src=\"http:\/\/armstrongyregion.com.ar\/diario\/wp-content\/uploads\/2021\/04\/nota_bacheo_schaer.jpg\" alt=\"\" class=\"wp-image-29599\" srcset=\"https:\/\/armstrongyregion.com.ar\/diario\/wp-content\/uploads\/2021\/04\/nota_bacheo_schaer.jpg 516w, https:\/\/armstrongyregion.com.ar\/diario\/wp-content\/uploads\/2021\/04\/nota_bacheo_schaer-300x225.jpg 300w\" sizes=\"auto, (max-width: 516px) 100vw, 516px\" \/><\/figure>\n\n\n\n<p>El Municipio est\u00e1 llevando adelante una importante mejora en Calle Schaer, en&nbsp; el barrio sur de la ciudad.<\/p>\n\n\n\n<p>Se trata de la segunda etapa del plan de bacheo de la cinta asf\u00e1ltica de calle Schaer desde Democracia hasta Fischer.&nbsp;El deterioro en dicho tramo de esta arteria, requiri\u00f3 de trabajos que van m\u00e1s all\u00e1 de un simple bacheo, para poder mejorar la transitabilidad en este importante ingreso a la ciudad.<\/p>\n","protected":false},"excerpt":{"rendered":"<p>El Municipio est\u00e1 llevando adelante una importante mejora en Calle Schaer, en&nbsp; el barrio sur de la ciudad. Se trata de la segunda etapa del plan de bacheo de la cinta asf\u00e1ltica de calle Schaer desde Democracia hasta Fischer.&nbsp;El deterioro en dicho tramo de esta arteria, requiri\u00f3 de trabajos que van m\u00e1s all\u00e1 de un <a href=\"https:\/\/armstrongyregion.com.ar\/diario\/armstrong-trabajos-de-bacheo-sobre-calle-schaer\/\" title=\"Read more\" >&#8230;<\/a><\/p>\n","protected":false},"author":1,"featured_media":29599,"comment_status":"open","ping_status":"open","sticky":false,"template":"","format":"image","meta":{"_jetpack_memberships_contains_paid_content":false,"footnotes":"","jetpack_publicize_message":"","jetpack_publicize_feature_enabled":true,"jetpack_social_post_already_shared":true,"jetpack_social_options":{"image_generator_settings":{"template":"highway","default_image_id":0,"enabled":false},"version":2}},"categories":[8,1,2,7],"tags":[],"class_list":["post-29598","post","type-post","status-publish","format-image","has-post-thumbnail","hentry","category-deliberando","category-diario-armstrong","category-locales","category-politica","post_format-post-format-image"],"jetpack_publicize_connections":[],"jetpack_featured_media_url":"https:\/\/armstrongyregion.com.ar\/diario\/wp-content\/uploads\/2021\/04\/nota_bacheo_schaer.jpg","jetpack_shortlink":"https:\/\/wp.me\/p62QDO-7Ho","jetpack_sharing_enabled":true,"amp_enabled":true,"_links":{"self":[{"href":"https:\/\/armstrongyregion.com.ar\/diario\/wp-json\/wp\/v2\/posts\/29598","targetHints":{"allow":["GET"]}}],"collection":[{"href":"https:\/\/armstrongyregion.com.ar\/diario\/wp-json\/wp\/v2\/posts"}],"about":[{"href":"https:\/\/armstrongyregion.com.ar\/diario\/wp-json\/wp\/v2\/types\/post"}],"author":[{"embeddable":true,"href":"https:\/\/armstrongyregion.com.ar\/diario\/wp-json\/wp\/v2\/users\/1"}],"replies":[{"embeddable":true,"href":"https:\/\/armstrongyregion.com.ar\/diario\/wp-json\/wp\/v2\/comments?post=29598"}],"version-history":[{"count":1,"href":"https:\/\/armstrongyregion.com.ar\/diario\/wp-json\/wp\/v2\/posts\/29598\/revisions"}],"predecessor-version":[{"id":29600,"href":"https:\/\/armstrongyregion.com.ar\/diario\/wp-json\/wp\/v2\/posts\/29598\/revisions\/29600"}],"wp:featuredmedia":[{"embeddable":true,"href":"https:\/\/armstrongyregion.com.ar\/diario\/wp-json\/wp\/v2\/media\/29599"}],"wp:attachment":[{"href":"https:\/\/armstrongyregion.com.ar\/diario\/wp-json\/wp\/v2\/media?parent=29598"}],"wp:term":[{"taxonomy":"category","embeddable":true,"href":"https:\/\/armstrongyregion.com.ar\/diario\/wp-json\/wp\/v2\/categories?post=29598"},{"taxonomy":"post_tag","embeddable":true,"href":"https:\/\/armstrongyregion.com.ar\/diario\/wp-json\/wp\/v2\/tags?post=29598"}],"curies":[{"name":"wp","href":"https:\/\/api.w.org\/{rel}","templated":true}]}}