{"id":29589,"date":"2021-04-05T03:30:07","date_gmt":"2021-04-05T03:30:07","guid":{"rendered":"https:\/\/armstrongyregion.com.ar\/diario\/?p=29589"},"modified":"2021-04-05T03:30:09","modified_gmt":"2021-04-05T03:30:09","slug":"la-importancia-de-la-rehabilitacion-en-pacientes-covid-19-por-dr-miguel-maymo-arganaraz","status":"publish","type":"post","link":"https:\/\/armstrongyregion.com.ar\/diario\/la-importancia-de-la-rehabilitacion-en-pacientes-covid-19-por-dr-miguel-maymo-arganaraz\/","title":{"rendered":"La importancia de la Rehabilitaci\u00f3n en pacientes Covid-19. Por Dr. Miguel Maymo Arga\u00f1araz."},"content":{"rendered":"\n<figure class=\"wp-block-image size-large\"><img loading=\"lazy\" decoding=\"async\" width=\"658\" height=\"320\" src=\"http:\/\/armstrongyregion.com.ar\/diario\/wp-content\/uploads\/2021\/04\/Dr.-Miguel-Maymo-Arga\u00f1araz-abril-2021-.jpg\" alt=\"\" class=\"wp-image-29590\" srcset=\"https:\/\/armstrongyregion.com.ar\/diario\/wp-content\/uploads\/2021\/04\/Dr.-Miguel-Maymo-Arga\u00f1araz-abril-2021-.jpg 658w, https:\/\/armstrongyregion.com.ar\/diario\/wp-content\/uploads\/2021\/04\/Dr.-Miguel-Maymo-Arga\u00f1araz-abril-2021--300x146.jpg 300w\" sizes=\"auto, (max-width: 658px) 100vw, 658px\" \/><\/figure>\n\n\n\n<h2 class=\"wp-block-heading\">\u00abLos objetivos finales de la rehabilitaci\u00f3n son mejorar la calidad de vida de los pacientes y sus familias, facilitar la mayor participaci\u00f3n en la vida social y ayudar a las personas para alcanzar una vida satisfactoria y con la m\u00e1xima independencia\u00bb. <\/h2>\n\n\n\n<p> La enfermedad del Coronavirus 2019 (COVID-19), COVID-19 es una enfermedad respiratoria causada por el S\u00edndrome Respiratorio Agudo Severo Coronavirus 2 (SARS-CoV-2). La enfermedad se caracteriza por una infecci\u00f3n respiratoria con s\u00edntomas que van desde un leve resfriado com\u00fan o gripe hasta problemas de salud m\u00e1s graves. Los s\u00edntomas suelen incluir fiebre, tos, dolor de garganta y dificultad para respirar. Tambi\u00e9n se ha descrito dolor muscular y cansancio. <\/p>\n\n\n\n<p>El 11 de marzo de 2020, la Organizaci\u00f3n Mundial de la Salud (OMS) anunci\u00f3 que el actual brote de COVID-19 es una pandemia1 . Aunque la enfermedad de COVID-19 suele ser leve y la mayor\u00eda de las personas se recuperan r\u00e1pidamente, pero tambi\u00e9n puede ser muy grave para ciertos grupos de personas, entre ellas los ancianos y las personas con sistemas inmunol\u00f3gicos comprometidos o con afecciones subyacentes. <\/p>\n\n\n\n<p><strong>La importancia de la Rehabilitaci\u00f3n en pacientes Covid-19<\/strong><\/p>\n\n\n\n<p>El profesional informaba sobre la sintomatolog\u00eda pos covid 19. \u00abEn pacientes que han sufrido la covid-19 y han precisado una estancia en UCI prolongada, con inmovilizaci\u00f3n en posici\u00f3n prono\u00a0 y necesidad de ventilaci\u00f3n mec\u00e1nica invasiva, es com\u00fan encontrar problemas espec\u00edficos, que incluyen:<\/p>\n\n\n\n<ul class=\"wp-block-list\"><li>Debilidad muscular severa.<\/li><li>Fatiga.<\/li><li>Rigidez en las articulaciones.<\/li><li>Disfagia.<\/li><li>Problemas respiratorios.<\/li><li>Problemas de funcionamiento relacionados con la movilidad\u00bb.<\/li><\/ul>\n\n\n\n<p>Aprovechamos el ultimo bloque para hablar con el Dr. Miguel Maym\u00f3 Arga\u00f1araz sobre su rol en \u00abCiem Rehabilitaci\u00f3n\u00bb, cl\u00ednica que se encuentra en la localidad de Firmat y cuenta con un sinn\u00famero de especialidades m\u00e9dicas. Cual es la misi\u00f3n, la visi\u00f3n y los valores de este centro?. Modalidades de admisi\u00f3n de pacientes y patolog\u00edas que all\u00ed se tratan. SEr\u00e1n algunas de nuestras consultas.<\/p>\n\n\n\n<p>Fuente Programa Televisivo \u00abPrevenci\u00f3n y Salud\u00bb.<\/p>\n\n\n\n<p>Lunes 13,30hs. Por Cable Imagen Armstrong- Reiteraciones Jueves 20hs y S\u00e1bados 12,30hs.<\/p>\n\n\n\n<p>Dr. Miguel Maym\u00f3 Arga\u00f1araz- Especialista en otorrinolaringolog\u00eda.<\/p>\n\n\n\n<p><\/p>\n\n\n\n<p><\/p>\n\n\n\n<p><\/p>\n","protected":false},"excerpt":{"rendered":"<p>\u00abLos objetivos finales de la rehabilitaci\u00f3n son mejorar la calidad de vida de los pacientes y sus familias, facilitar la mayor participaci\u00f3n en la vida social y ayudar a las personas para alcanzar una vida satisfactoria y con la m\u00e1xima independencia\u00bb. La enfermedad del Coronavirus 2019 (COVID-19), COVID-19 es una enfermedad respiratoria causada por el <a href=\"https:\/\/armstrongyregion.com.ar\/diario\/la-importancia-de-la-rehabilitacion-en-pacientes-covid-19-por-dr-miguel-maymo-arganaraz\/\" title=\"Read more\" >&#8230;<\/a><\/p>\n","protected":false},"author":1,"featured_media":29590,"comment_status":"open","ping_status":"open","sticky":false,"template":"","format":"image","meta":{"_jetpack_memberships_contains_paid_content":false,"footnotes":"","jetpack_publicize_message":"","jetpack_publicize_feature_enabled":true,"jetpack_social_post_already_shared":true,"jetpack_social_options":{"image_generator_settings":{"template":"highway","default_image_id":0,"enabled":false},"version":2}},"categories":[8,1,2,4],"tags":[],"class_list":["post-29589","post","type-post","status-publish","format-image","has-post-thumbnail","hentry","category-deliberando","category-diario-armstrong","category-locales","category-prevencion-salud","post_format-post-format-image"],"jetpack_publicize_connections":[],"jetpack_featured_media_url":"https:\/\/armstrongyregion.com.ar\/diario\/wp-content\/uploads\/2021\/04\/Dr.-Miguel-Maymo-Arga\u00f1araz-abril-2021-.jpg","jetpack_shortlink":"https:\/\/wp.me\/p62QDO-7Hf","jetpack_sharing_enabled":true,"amp_enabled":true,"_links":{"self":[{"href":"https:\/\/armstrongyregion.com.ar\/diario\/wp-json\/wp\/v2\/posts\/29589","targetHints":{"allow":["GET"]}}],"collection":[{"href":"https:\/\/armstrongyregion.com.ar\/diario\/wp-json\/wp\/v2\/posts"}],"about":[{"href":"https:\/\/armstrongyregion.com.ar\/diario\/wp-json\/wp\/v2\/types\/post"}],"author":[{"embeddable":true,"href":"https:\/\/armstrongyregion.com.ar\/diario\/wp-json\/wp\/v2\/users\/1"}],"replies":[{"embeddable":true,"href":"https:\/\/armstrongyregion.com.ar\/diario\/wp-json\/wp\/v2\/comments?post=29589"}],"version-history":[{"count":1,"href":"https:\/\/armstrongyregion.com.ar\/diario\/wp-json\/wp\/v2\/posts\/29589\/revisions"}],"predecessor-version":[{"id":29591,"href":"https:\/\/armstrongyregion.com.ar\/diario\/wp-json\/wp\/v2\/posts\/29589\/revisions\/29591"}],"wp:featuredmedia":[{"embeddable":true,"href":"https:\/\/armstrongyregion.com.ar\/diario\/wp-json\/wp\/v2\/media\/29590"}],"wp:attachment":[{"href":"https:\/\/armstrongyregion.com.ar\/diario\/wp-json\/wp\/v2\/media?parent=29589"}],"wp:term":[{"taxonomy":"category","embeddable":true,"href":"https:\/\/armstrongyregion.com.ar\/diario\/wp-json\/wp\/v2\/categories?post=29589"},{"taxonomy":"post_tag","embeddable":true,"href":"https:\/\/armstrongyregion.com.ar\/diario\/wp-json\/wp\/v2\/tags?post=29589"}],"curies":[{"name":"wp","href":"https:\/\/api.w.org\/{rel}","templated":true}]}}