{"id":29517,"date":"2021-03-30T19:51:18","date_gmt":"2021-03-30T19:51:18","guid":{"rendered":"https:\/\/armstrongyregion.com.ar\/diario\/?p=29517"},"modified":"2021-03-30T19:51:21","modified_gmt":"2021-03-30T19:51:21","slug":"clerici-firmo-un-convenio-para-una-nueva-inversion-en-gestion-de-residuos-solidos-urbanos","status":"publish","type":"post","link":"https:\/\/armstrongyregion.com.ar\/diario\/clerici-firmo-un-convenio-para-una-nueva-inversion-en-gestion-de-residuos-solidos-urbanos\/","title":{"rendered":"Clerici firm\u00f3 un convenio  para una nueva inversi\u00f3n en gesti\u00f3n de residuos s\u00f3lidos urbanos."},"content":{"rendered":"\n<figure class=\"wp-block-image size-large\"><img loading=\"lazy\" decoding=\"async\" width=\"640\" height=\"427\" src=\"http:\/\/armstrongyregion.com.ar\/diario\/wp-content\/uploads\/2021\/03\/Clerici-Perotti-30-marzo.jpg\" alt=\"\" class=\"wp-image-29519\" srcset=\"https:\/\/armstrongyregion.com.ar\/diario\/wp-content\/uploads\/2021\/03\/Clerici-Perotti-30-marzo.jpg 640w, https:\/\/armstrongyregion.com.ar\/diario\/wp-content\/uploads\/2021\/03\/Clerici-Perotti-30-marzo-300x200.jpg 300w\" sizes=\"auto, (max-width: 640px) 100vw, 640px\" \/><\/figure>\n\n\n\n<p>\n\nJunto al gobernador suscribi\u00f3 el convenio marco con el Ministerio de Ambiente de Naci\u00f3n y Provincia. El municipio recibir\u00e1 15 millones de pesos para reforzar la recolecci\u00f3n diferenciada de residuos y disposici\u00f3n inicial selectiva.<\/p>\n\n\n\n<p>La intendenta Stella Cl\u00e9rici junto al gobernador Omar Perotti, firm\u00f3 en San Jorge un convenio con los ministerios de Ambiente de Naci\u00f3n y Provincia, destinado a la Gesti\u00f3n Integral de Residuos S\u00f3lidos Urbanos.<br>A trav\u00e9s del convenio marco que firmaron Ca\u00f1ada de G\u00f3mez, Tostado y Villa Constituci\u00f3n, el Municipio recibir\u00e1 15 millones de pesos para reforzar acciones de recolecci\u00f3n diferenciada de residuos y disposici\u00f3n inicial selectiva. De esta manera, el aporte recibido ser\u00e1 destinado a la compra de equipamiento y contenedores de disposici\u00f3n de residuos, para seguir \u00abfortaleciendo una Ca\u00f1ada cada d\u00eda m\u00e1s sustentable\u00bb.<br>Esto permitir\u00e1 profundizar las acciones del programa \u201cCa\u00f1ada es tuya no al ensucies\u201d, que lleva adelante el Municipio junto a j\u00f3venes del \u201cEcoclub\u201d, de forma interdisciplinaria con otras \u00e1reas de gobierno, sumado al trabajo mancomunado con diferentes instituciones. \u201cA partir del trabajo con Ministerio de Ambiente de Naci\u00f3n y Provincia podemos llegar a este convenio que permitir\u00e1 continuar invirtiendo en equipamiento, para mejorar las acciones que venimos desarrollando en cuanto a gesti\u00f3n de residuos urbanos\u201d, expres\u00f3 Cl\u00e9rici.\n\n<\/p>\n","protected":false},"excerpt":{"rendered":"<p>Junto al gobernador suscribi\u00f3 el convenio marco con el Ministerio de Ambiente de Naci\u00f3n y Provincia. El municipio recibir\u00e1 15 millones de pesos para reforzar la recolecci\u00f3n diferenciada de residuos y disposici\u00f3n inicial selectiva. La intendenta Stella Cl\u00e9rici junto al gobernador Omar Perotti, firm\u00f3 en San Jorge un convenio con los ministerios de Ambiente de <a href=\"https:\/\/armstrongyregion.com.ar\/diario\/clerici-firmo-un-convenio-para-una-nueva-inversion-en-gestion-de-residuos-solidos-urbanos\/\" title=\"Read more\" >&#8230;<\/a><\/p>\n","protected":false},"author":1,"featured_media":29519,"comment_status":"open","ping_status":"open","sticky":false,"template":"","format":"image","meta":{"_jetpack_memberships_contains_paid_content":false,"footnotes":"","jetpack_publicize_message":"","jetpack_publicize_feature_enabled":true,"jetpack_social_post_already_shared":true,"jetpack_social_options":{"image_generator_settings":{"template":"highway","default_image_id":0,"enabled":false},"version":2}},"categories":[8,1,7,3],"tags":[],"class_list":["post-29517","post","type-post","status-publish","format-image","has-post-thumbnail","hentry","category-deliberando","category-diario-armstrong","category-politica","category-region","post_format-post-format-image"],"jetpack_publicize_connections":[],"jetpack_featured_media_url":"https:\/\/armstrongyregion.com.ar\/diario\/wp-content\/uploads\/2021\/03\/Clerici-Perotti-30-marzo.jpg","jetpack_shortlink":"https:\/\/wp.me\/p62QDO-7G5","jetpack_sharing_enabled":true,"amp_enabled":true,"_links":{"self":[{"href":"https:\/\/armstrongyregion.com.ar\/diario\/wp-json\/wp\/v2\/posts\/29517","targetHints":{"allow":["GET"]}}],"collection":[{"href":"https:\/\/armstrongyregion.com.ar\/diario\/wp-json\/wp\/v2\/posts"}],"about":[{"href":"https:\/\/armstrongyregion.com.ar\/diario\/wp-json\/wp\/v2\/types\/post"}],"author":[{"embeddable":true,"href":"https:\/\/armstrongyregion.com.ar\/diario\/wp-json\/wp\/v2\/users\/1"}],"replies":[{"embeddable":true,"href":"https:\/\/armstrongyregion.com.ar\/diario\/wp-json\/wp\/v2\/comments?post=29517"}],"version-history":[{"count":1,"href":"https:\/\/armstrongyregion.com.ar\/diario\/wp-json\/wp\/v2\/posts\/29517\/revisions"}],"predecessor-version":[{"id":29520,"href":"https:\/\/armstrongyregion.com.ar\/diario\/wp-json\/wp\/v2\/posts\/29517\/revisions\/29520"}],"wp:featuredmedia":[{"embeddable":true,"href":"https:\/\/armstrongyregion.com.ar\/diario\/wp-json\/wp\/v2\/media\/29519"}],"wp:attachment":[{"href":"https:\/\/armstrongyregion.com.ar\/diario\/wp-json\/wp\/v2\/media?parent=29517"}],"wp:term":[{"taxonomy":"category","embeddable":true,"href":"https:\/\/armstrongyregion.com.ar\/diario\/wp-json\/wp\/v2\/categories?post=29517"},{"taxonomy":"post_tag","embeddable":true,"href":"https:\/\/armstrongyregion.com.ar\/diario\/wp-json\/wp\/v2\/tags?post=29517"}],"curies":[{"name":"wp","href":"https:\/\/api.w.org\/{rel}","templated":true}]}}