{"id":29515,"date":"2021-03-30T19:42:37","date_gmt":"2021-03-30T19:42:37","guid":{"rendered":"https:\/\/armstrongyregion.com.ar\/diario\/?p=29515"},"modified":"2021-03-30T19:42:41","modified_gmt":"2021-03-30T19:42:41","slug":"armstrong-orden-del-dia-30-de-marzo","status":"publish","type":"post","link":"https:\/\/armstrongyregion.com.ar\/diario\/armstrong-orden-del-dia-30-de-marzo\/","title":{"rendered":"Armstrong. Orden del D\u00eda 30 de Marzo."},"content":{"rendered":"\n<figure class=\"wp-block-image size-large\"><img loading=\"lazy\" decoding=\"async\" width=\"778\" height=\"425\" src=\"http:\/\/armstrongyregion.com.ar\/diario\/wp-content\/uploads\/2021\/03\/apertura-concejo-2021-B.jpg\" alt=\"\" class=\"wp-image-29127\" srcset=\"https:\/\/armstrongyregion.com.ar\/diario\/wp-content\/uploads\/2021\/03\/apertura-concejo-2021-B.jpg 778w, https:\/\/armstrongyregion.com.ar\/diario\/wp-content\/uploads\/2021\/03\/apertura-concejo-2021-B-300x164.jpg 300w, https:\/\/armstrongyregion.com.ar\/diario\/wp-content\/uploads\/2021\/03\/apertura-concejo-2021-B-768x420.jpg 768w\" sizes=\"auto, (max-width: 778px) 100vw, 778px\" \/><\/figure>\n\n\n\n<p>\n<strong>1-\n <\/strong><strong>ACTA  SESI\u00d3N\nORDINARIA N\u00ba 1047<\/strong><\/p>\n\n\n\n<p>\n<strong>2-\n <\/strong><strong>MENSAJES DEL\nD.E.:<\/strong><\/p>\n\n\n\n<p>\n     A-\nRESPUESTA A M.C. N\u00ba 3133: ROTONDAS EN CALLES BUENOS AIRES \u2013 LA\nPLATA.<\/p>\n\n\n\n<p>\n     B-\nSECRETAR\u00cdA DE CULTURA: INVITACI\u00d3N A LA REUNI\u00d3N DEL INSTITUTO\nBECARIO MUNICIPAL.<\/p>\n\n\n\n<p>\n     C-\nSECRETAR\u00cdA DE CULTURA: VIGILIA POR EL D\u00cdA DEL VETERANO Y\nDE LOS CAIDOS EN LA GUERRA DE MALVINAS.<\/p>\n\n\n\n<p>\n<strong>3-\n <\/strong><strong>CORRESPONDENCIA:<\/strong><\/p>\n\n\n\n<p>\n     A-\nCONCEJO MUNICIPAL DE CA\u00d1ADA DE G\u00d3MEZ: RESOLUCI\u00d3N N\u00ba 2558 SOBRE\nLEY PROVINCIAL N\u00ba 13.892 (CUIDADO DE SALUD DE PERSONAS CON\nENFERMEDADES POCO FRECUENTES).<\/p>\n\n\n\n<p>\n<strong>4-\n <\/strong><strong>DICTAMENES\nDE COMISIONES:<\/strong>\n<\/p>\n\n\n\n<p>\n<strong>5-\n <\/strong><strong>PROYECTOS DE\nCONCEJALES:<\/strong><\/p>\n\n\n\n<p>\n    <strong>A-\n<\/strong><strong>BLOQUE DE\nFRENTE PROGRESISTA, C\u00cdVICO Y SOCIAL:<\/strong>\n<\/p>\n\n\n\n<p>\n        1-\nM.D.: 12\u00ba ANIVERSARIO DEL FALLECIMIENTO DEL DR. RA\u00daL ALFONS\u00cdN.<\/p>\n\n\n\n<p>\n    <strong>B-\n<\/strong><strong>BLOQUE DE\nRENOVACI\u00d3N POR ARMSTRONG:<\/strong>\n<\/p>\n\n\n\n<p>\n        2-\n M.C.: CONTROL DE CIRCULACI\u00d3N DE CAMIONES DENTRO DE LA CIUDAD.<\/p>\n\n\n\n<p>\n        3-\n M.C.: EXTENSI\u00d3N DEL SERVICIO DE DESAG\u00dcES CLOACALES EN CALLE LA\nPLATA, ENTRE BV. 14 DE DICIEMBRE Y CALLEJUELA BROWN.<\/p>\n\n\n\n<p>\n    <strong>C-\n<\/strong><strong>BLOQUE\nJUSTICIALISTA:<\/strong>\n<\/p>\n\n\n\n<p>\n         4-\nM.C.: CORTINA FORESTAL EN EL LADO SUROESTE DEL BARRIO 160 VIVIENDAS.<\/p>\n\n\n\n<p>\n    <strong>D-\n<\/strong><strong>CONCEJO:<\/strong>\n<\/p>\n\n\n\n<p>\n        5-\nM.D.: D\u00cdA DEL VETERANO Y DE LOS CAIDOS EN LA GUERRA DE MALVINAS.<\/p>\n\n\n\n<p>\n         6-\nRES.: LLAMADO  A  CONCURSO  PARA  EL  CARGO  DE  PROSECRETARIO\/A DEL\nCONCEJO MUNICIPAL.<\/p>\n\n\n\n<p>\n        INICIO\nA LAS 20:00 HORAS. \n<\/p>\n","protected":false},"excerpt":{"rendered":"<p>1- ACTA SESI\u00d3N ORDINARIA N\u00ba 1047 2- MENSAJES DEL D.E.: A- RESPUESTA A M.C. N\u00ba 3133: ROTONDAS EN CALLES BUENOS AIRES \u2013 LA PLATA. B- SECRETAR\u00cdA DE CULTURA: INVITACI\u00d3N A LA REUNI\u00d3N DEL INSTITUTO BECARIO MUNICIPAL. C- SECRETAR\u00cdA DE CULTURA: VIGILIA POR EL D\u00cdA DEL VETERANO Y DE LOS CAIDOS EN LA GUERRA DE MALVINAS. <a href=\"https:\/\/armstrongyregion.com.ar\/diario\/armstrong-orden-del-dia-30-de-marzo\/\" title=\"Read more\" >&#8230;<\/a><\/p>\n","protected":false},"author":1,"featured_media":29240,"comment_status":"open","ping_status":"open","sticky":false,"template":"","format":"image","meta":{"_jetpack_memberships_contains_paid_content":false,"footnotes":"","jetpack_publicize_message":"","jetpack_publicize_feature_enabled":true,"jetpack_social_post_already_shared":true,"jetpack_social_options":{"image_generator_settings":{"template":"highway","default_image_id":0,"enabled":false},"version":2}},"categories":[8,1,2,7],"tags":[],"class_list":["post-29515","post","type-post","status-publish","format-image","has-post-thumbnail","hentry","category-deliberando","category-diario-armstrong","category-locales","category-politica","post_format-post-format-image"],"jetpack_publicize_connections":[],"jetpack_featured_media_url":"https:\/\/armstrongyregion.com.ar\/diario\/wp-content\/uploads\/2021\/03\/Concejo-2021-.jpg","jetpack_shortlink":"https:\/\/wp.me\/p62QDO-7G3","jetpack_sharing_enabled":true,"amp_enabled":true,"_links":{"self":[{"href":"https:\/\/armstrongyregion.com.ar\/diario\/wp-json\/wp\/v2\/posts\/29515","targetHints":{"allow":["GET"]}}],"collection":[{"href":"https:\/\/armstrongyregion.com.ar\/diario\/wp-json\/wp\/v2\/posts"}],"about":[{"href":"https:\/\/armstrongyregion.com.ar\/diario\/wp-json\/wp\/v2\/types\/post"}],"author":[{"embeddable":true,"href":"https:\/\/armstrongyregion.com.ar\/diario\/wp-json\/wp\/v2\/users\/1"}],"replies":[{"embeddable":true,"href":"https:\/\/armstrongyregion.com.ar\/diario\/wp-json\/wp\/v2\/comments?post=29515"}],"version-history":[{"count":1,"href":"https:\/\/armstrongyregion.com.ar\/diario\/wp-json\/wp\/v2\/posts\/29515\/revisions"}],"predecessor-version":[{"id":29516,"href":"https:\/\/armstrongyregion.com.ar\/diario\/wp-json\/wp\/v2\/posts\/29515\/revisions\/29516"}],"wp:featuredmedia":[{"embeddable":true,"href":"https:\/\/armstrongyregion.com.ar\/diario\/wp-json\/wp\/v2\/media\/29240"}],"wp:attachment":[{"href":"https:\/\/armstrongyregion.com.ar\/diario\/wp-json\/wp\/v2\/media?parent=29515"}],"wp:term":[{"taxonomy":"category","embeddable":true,"href":"https:\/\/armstrongyregion.com.ar\/diario\/wp-json\/wp\/v2\/categories?post=29515"},{"taxonomy":"post_tag","embeddable":true,"href":"https:\/\/armstrongyregion.com.ar\/diario\/wp-json\/wp\/v2\/tags?post=29515"}],"curies":[{"name":"wp","href":"https:\/\/api.w.org\/{rel}","templated":true}]}}