{"id":29480,"date":"2021-03-29T03:38:08","date_gmt":"2021-03-29T03:38:08","guid":{"rendered":"https:\/\/armstrongyregion.com.ar\/diario\/?p=29480"},"modified":"2021-03-29T03:38:11","modified_gmt":"2021-03-29T03:38:11","slug":"sin-cambios-en-la-jornada-laboral-de-la-administracion-publica-santafesina","status":"publish","type":"post","link":"https:\/\/armstrongyregion.com.ar\/diario\/sin-cambios-en-la-jornada-laboral-de-la-administracion-publica-santafesina\/","title":{"rendered":"Sin cambios en la jornada laboral de la administraci\u00f3n p\u00fablica santafesina."},"content":{"rendered":"\n<figure class=\"wp-block-image size-large\"><img loading=\"lazy\" decoding=\"async\" width=\"961\" height=\"541\" src=\"http:\/\/armstrongyregion.com.ar\/diario\/wp-content\/uploads\/2020\/06\/noticias-santa-fe-1.png\" alt=\"\" class=\"wp-image-26160\" srcset=\"https:\/\/armstrongyregion.com.ar\/diario\/wp-content\/uploads\/2020\/06\/noticias-santa-fe-1.png 961w, https:\/\/armstrongyregion.com.ar\/diario\/wp-content\/uploads\/2020\/06\/noticias-santa-fe-1-300x169.png 300w, https:\/\/armstrongyregion.com.ar\/diario\/wp-content\/uploads\/2020\/06\/noticias-santa-fe-1-768x432.png 768w\" sizes=\"auto, (max-width: 961px) 100vw, 961px\" \/><\/figure>\n\n\n\n<h2 class=\"wp-block-heading\">Desde el gobierno de la provincia de Santa Fe se inform\u00f3 que no hay variantes previstas en la modalidad de desempe\u00f1o laboral de los agentes de la administraci\u00f3n p\u00fablica provincial.<br>\u00a0\u00a0<\/h2>\n\n\n\n<p>\n\nEl gobierno de la provincia de Santa Fe inform\u00f3 a toda la plantilla de agentes estatales provinciales que no hay cambios previstos para el desarrollo de las pr\u00f3ximas jornadas laborales. Si bien se est\u00e1 siguiendo atentamente la progresi\u00f3n de casos de coronavirus en varios puntos del pa\u00eds, la evaluaci\u00f3n sanitaria en curso no muestra indicadores para variar la modalidad de trabajo de las empleadas y empleados p\u00fablicos santafesinos.<\/p>\n\n\n\n<p>Cabe recordar que, hasta el momento, no se encuentra en vigencia un nuevo Decreto de Necesidad y Urgencia de alcance nacional u otra medida nueva que establezca una modificaci\u00f3n en el cumplimiento habitual de tareas o establezca la eximici\u00f3n de asistencia a los lugares laborales.<\/p>\n\n\n\n<p>En caso de haber cambios a las medidas dispuestas en el Decreto 270 del 20 de marzo de 2021, que dispone los alcances en la provincia del \u00abaislamiento social, preventivo y obligatorio\u201d (ASPO) que regir\u00e1 hasta el 31 de marzo inclusive del corriente a\u00f1o, pudi\u00e9ndose prorrogar este plazo por el tiempo que se considere necesario en atenci\u00f3n a la situaci\u00f3n epidemiol\u00f3gica, ser\u00e1n debidamente comunicados para mantener los dispositivos laborales a pleno cumplimentando las tareas desde otras modalidades posibles.&nbsp;<br><\/p>\n\n\n\n<p><\/p>\n","protected":false},"excerpt":{"rendered":"<p>Desde el gobierno de la provincia de Santa Fe se inform\u00f3 que no hay variantes previstas en la modalidad de desempe\u00f1o laboral de los agentes de la administraci\u00f3n p\u00fablica provincial.\u00a0\u00a0 El gobierno de la provincia de Santa Fe inform\u00f3 a toda la plantilla de agentes estatales provinciales que no hay cambios previstos para el desarrollo <a href=\"https:\/\/armstrongyregion.com.ar\/diario\/sin-cambios-en-la-jornada-laboral-de-la-administracion-publica-santafesina\/\" title=\"Read more\" >&#8230;<\/a><\/p>\n","protected":false},"author":1,"featured_media":26160,"comment_status":"open","ping_status":"open","sticky":false,"template":"","format":"image","meta":{"_jetpack_memberships_contains_paid_content":false,"footnotes":"","jetpack_publicize_message":"","jetpack_publicize_feature_enabled":true,"jetpack_social_post_already_shared":true,"jetpack_social_options":{"image_generator_settings":{"template":"highway","default_image_id":0,"enabled":false},"version":2}},"categories":[8,1,2,7,3],"tags":[],"class_list":["post-29480","post","type-post","status-publish","format-image","has-post-thumbnail","hentry","category-deliberando","category-diario-armstrong","category-locales","category-politica","category-region","post_format-post-format-image"],"jetpack_publicize_connections":[],"jetpack_featured_media_url":"https:\/\/armstrongyregion.com.ar\/diario\/wp-content\/uploads\/2020\/06\/noticias-santa-fe-1.png","jetpack_shortlink":"https:\/\/wp.me\/p62QDO-7Fu","jetpack_sharing_enabled":true,"amp_enabled":true,"_links":{"self":[{"href":"https:\/\/armstrongyregion.com.ar\/diario\/wp-json\/wp\/v2\/posts\/29480","targetHints":{"allow":["GET"]}}],"collection":[{"href":"https:\/\/armstrongyregion.com.ar\/diario\/wp-json\/wp\/v2\/posts"}],"about":[{"href":"https:\/\/armstrongyregion.com.ar\/diario\/wp-json\/wp\/v2\/types\/post"}],"author":[{"embeddable":true,"href":"https:\/\/armstrongyregion.com.ar\/diario\/wp-json\/wp\/v2\/users\/1"}],"replies":[{"embeddable":true,"href":"https:\/\/armstrongyregion.com.ar\/diario\/wp-json\/wp\/v2\/comments?post=29480"}],"version-history":[{"count":1,"href":"https:\/\/armstrongyregion.com.ar\/diario\/wp-json\/wp\/v2\/posts\/29480\/revisions"}],"predecessor-version":[{"id":29481,"href":"https:\/\/armstrongyregion.com.ar\/diario\/wp-json\/wp\/v2\/posts\/29480\/revisions\/29481"}],"wp:featuredmedia":[{"embeddable":true,"href":"https:\/\/armstrongyregion.com.ar\/diario\/wp-json\/wp\/v2\/media\/26160"}],"wp:attachment":[{"href":"https:\/\/armstrongyregion.com.ar\/diario\/wp-json\/wp\/v2\/media?parent=29480"}],"wp:term":[{"taxonomy":"category","embeddable":true,"href":"https:\/\/armstrongyregion.com.ar\/diario\/wp-json\/wp\/v2\/categories?post=29480"},{"taxonomy":"post_tag","embeddable":true,"href":"https:\/\/armstrongyregion.com.ar\/diario\/wp-json\/wp\/v2\/tags?post=29480"}],"curies":[{"name":"wp","href":"https:\/\/api.w.org\/{rel}","templated":true}]}}