{"id":29440,"date":"2021-03-24T18:30:56","date_gmt":"2021-03-24T18:30:56","guid":{"rendered":"https:\/\/armstrongyregion.com.ar\/diario\/?p=29440"},"modified":"2021-03-24T18:30:58","modified_gmt":"2021-03-24T18:30:58","slug":"canada-de-gomez-dia-de-la-memoria-el-acto-en-la-estacion","status":"publish","type":"post","link":"https:\/\/armstrongyregion.com.ar\/diario\/canada-de-gomez-dia-de-la-memoria-el-acto-en-la-estacion\/","title":{"rendered":"Ca\u00f1ada de G\u00f3mez. D\u00eda de la Memoria: el acto en la Estaci\u00f3n."},"content":{"rendered":"\n<figure class=\"wp-block-image size-large\"><img loading=\"lazy\" decoding=\"async\" width=\"480\" height=\"360\" src=\"http:\/\/armstrongyregion.com.ar\/diario\/wp-content\/uploads\/2021\/03\/Acto-memoria-marzo-2021-.jpg\" alt=\"\" class=\"wp-image-29441\" srcset=\"https:\/\/armstrongyregion.com.ar\/diario\/wp-content\/uploads\/2021\/03\/Acto-memoria-marzo-2021-.jpg 480w, https:\/\/armstrongyregion.com.ar\/diario\/wp-content\/uploads\/2021\/03\/Acto-memoria-marzo-2021--300x225.jpg 300w\" sizes=\"auto, (max-width: 480px) 100vw, 480px\" \/><\/figure>\n\n\n\n<h2 class=\"wp-block-heading\"> El encuentro de cada 24 de marzo que organiza la Asociaci\u00f3n de DDHH de Ca\u00f1ada de G\u00f3mez tuvo otro escenario, ya que el mal tiempo impidi\u00f3 que se realizara en la Plaza de la Vida, donde luego s\u00ed se coloc\u00f3 la ofrenda floral. <\/h2>\n\n\n\n<p> Este 24 de marzo se retom\u00f3 la factura del acto por el D\u00eda Nacional de la Memoria por la Verdad y la Justicia, que el a\u00f1o anterior no pudo realizarse al encontrarnos en los albores de la pandemia.<br>Esta vez el escenario cambi\u00f3: como hace algunas ediciones, se llev\u00f3 a cabo en la plataforma norte de la estaci\u00f3n ferroviaria, ya que el tiempo estaba gris y lloviznoso. <\/p>\n\n\n\n<p>En el evento se ley\u00f3 un documento en el que la Asociaci\u00f3n de Derechos HH ca\u00f1adense sienta su posici\u00f3n referente al hecho hist\u00f3rico de la instauraci\u00f3n de la dictadura c\u00edvico militar y la persistencia en el tiempo de sus consecuencias, el que se reproduce aqu\u00ed, y luego lleg\u00f3 el momento de los mensajes.<br>En esta oportunidad, y casi como si se hubiesen puesto de acuerdo, la mayor\u00eda de quienes hablaron tocaron momentos personales de su encuentro con la tragedia, lo que agreg\u00f3 emoci\u00f3n a un acto que de por s\u00ed la tiene.<br>Desde la memoria inoxidable de Roberto Gar\u00edn para relatar lo que pas\u00f3 aqu\u00ed nom\u00e1s, en Ca\u00f1ada de G\u00f3mez, en esos d\u00edas oscuros, pasando por el emotivo relato de Mario Chiappino de un dram\u00e1tico suceso que le toc\u00f3 vivir y que muy pocos conoc\u00edan, las evocaciones de Facundo Albertengo y Gustavo Aguilera de quienes fueron v\u00edctimas del terrorismo de estado, como Fany Giordano y Abel Kauffeler, la ma\u00f1ana de este 24, como la de cada uno de esos actos que resisten a\u00f1o tras a\u00f1o trajo a cada uno de los presentes el recuerdo de qu\u00e9 est\u00e1bamos haciendo ese preciso d\u00eda.<br>La jornada finaliz\u00f3 con el plantado de un \u00e1rbol en la Plaza de la Vida, ya con las condiciones clim\u00e1ticas en orden, y un poco de m\u00fasica que pusieron Tito Paroli, Chipi y Lucha Morales, quienes finalizaron con \u201cPara qu\u00e9 cantamos\u201d, la frase que tal vez simboliza mejor el sentimiento general en esta fecha.<\/p>\n\n\n\n<p>El documento de la Asociaci\u00f3n de DDHH de Ca\u00f1ada de G\u00f3mez:<\/p>\n\n\n\n<p><em><strong>A 45 a\u00f1os del inicio de la \u00faltima dictadura c\u00edvica militar nos encontramos para mantener viva la memoria. Seguir con este acto despu\u00e9s de tanto tiempo, para muchos es una p\u00e9rdida de tiempo, es quedarse en el pasado, es no dedicarse a las cuestiones actuales. Y es cierto, ser\u00eda as\u00ed si no fu\u00e9semos capaces de identificar las continuidades de las huellas del pasado, de tender puentes con el presente, de entender que el tiempo no es lineal, que es una espiral y que est\u00e1 en nosotros accionar para que ese movimiento sea ascendente. Olvidarlo es morir un poco.<\/strong><\/em><\/p>\n\n\n\n<p><em><strong>Paridos por estas luchas que desde el inicio buscaron la justicia y la verdad, sin violencia ni venganza, hoy podemos contar con muchos logros, institucionalizados algunos y todos marcados en la piel del pueblo atento y sensible: les nietes recuperades, los juicio a genocidas, la anulaci\u00f3n de las leyes del perd\u00f3n, el freno al dos por uno, las movilizaciones contra la explotaci\u00f3n de los bienes comunes, la reivindicaci\u00f3n de las luchas feministas.<\/strong><\/em><br><em><strong>Entendemos que puede haber otras miradas de la historia, pero no podemos tolerar mentir, ocultar o tergiversar maliciosamente los hechos.<\/strong><\/em><\/p>\n\n\n\n<p><em><strong>Las conquistas en materia de pol\u00edticas de derechos humanos no pueden retroceder. Discutir las cifras de desaparecidos, descreer de la restituci\u00f3n de la identidad de les ni\u00f1ez secuestrades o la tirada simb\u00f3lica de bolsas negras con los nombres de referentes sociales para denunciar la irregularidad en una vacunaci\u00f3n son situaciones totalmente repudiables.<\/strong><\/em><\/p>\n\n\n\n<p><em><strong>Por el contrario, coherentes con nuestra mirada, entendemos que es necesario reafirmar y profundizar cotidianamente estas conquistas, porque hay que sostenerlas y porque muchas siguen pendientes a pesar de la sucesi\u00f3n de los gobiernos de distinto color partidario. La apertura de los archivos de la \u00faltima dictadura siguen esperando su momento. La represi\u00f3n y judicializaci\u00f3n de la protesta social, con altibajos, contin\u00faan siendo la respuesta casi naturalizada del estado cuando no puede o no quiere resolver los conflictos de ra\u00edz. Les trabajadores del estado siguen parando por un salario que empate la inflaci\u00f3n y la canasta b\u00e1sica, los jubilados siguen pidiendo un 82%, volvemos a reclamar que se investigue lo ileg\u00edtimo de una deuda externa contra\u00edda en la dictadura antes de honrarla o acrecentarla, que no se prenda fuego intencionalmente en territorios sensibles, que se cuide a las v\u00edctimas de violencia de g\u00e9nero antes de que sean fatales.<\/strong><\/em><\/p>\n\n\n\n<p><em><strong>En estas y algunas otras demandas, m\u00e1s all\u00e1 de las ret\u00f3ricas, parece no haber ninguna grieta. Hay una continuidad preocupante que es necesario se\u00f1alar y trabajar para ponerle fin. En 1983, por la delicada situaci\u00f3n en que sal\u00edamos de la dictadura el gobierno radical presidido por Alfonsin implementa la caja P.A.N. Hoy a 38 a\u00f1os de la recuperaci\u00f3n de la democracia con el peronismo de Alberto Fernandez y despu\u00e9s de pasar por otros peronismos, por Alianzas y por el P.R.O., tenemos la Tarjeta Alimentar.<\/strong><\/em><br><em><strong>En vez de un derecho, una limosna para satisfacer una necesidad. La matriz no ha cambiado.<\/strong><\/em><\/p>\n\n\n\n<p><em><strong>Creemos que un modo de cuidar la memoria es cristalizarla en m\u00e1s y m\u00e1s derechos colectivos. Con pol\u00edtica, con participaci\u00f3n, con diferencias y consensos, debemos seguir reivindicando y ampliando los derechos conseguidos.<\/strong><\/em><\/p>\n\n\n\n<p>Fuente: Otro D\u00eda.Com<\/p>\n","protected":false},"excerpt":{"rendered":"<p>El encuentro de cada 24 de marzo que organiza la Asociaci\u00f3n de DDHH de Ca\u00f1ada de G\u00f3mez tuvo otro escenario, ya que el mal tiempo impidi\u00f3 que se realizara en la Plaza de la Vida, donde luego s\u00ed se coloc\u00f3 la ofrenda floral. Este 24 de marzo se retom\u00f3 la factura del acto por el <a href=\"https:\/\/armstrongyregion.com.ar\/diario\/canada-de-gomez-dia-de-la-memoria-el-acto-en-la-estacion\/\" title=\"Read more\" >&#8230;<\/a><\/p>\n","protected":false},"author":1,"featured_media":29441,"comment_status":"open","ping_status":"open","sticky":false,"template":"","format":"image","meta":{"_jetpack_memberships_contains_paid_content":false,"footnotes":"","jetpack_publicize_message":"","jetpack_publicize_feature_enabled":true,"jetpack_social_post_already_shared":true,"jetpack_social_options":{"image_generator_settings":{"template":"highway","default_image_id":0,"enabled":false},"version":2}},"categories":[8,1,7,3],"tags":[],"class_list":["post-29440","post","type-post","status-publish","format-image","has-post-thumbnail","hentry","category-deliberando","category-diario-armstrong","category-politica","category-region","post_format-post-format-image"],"jetpack_publicize_connections":[],"jetpack_featured_media_url":"https:\/\/armstrongyregion.com.ar\/diario\/wp-content\/uploads\/2021\/03\/Acto-memoria-marzo-2021-.jpg","jetpack_shortlink":"https:\/\/wp.me\/p62QDO-7EQ","jetpack_sharing_enabled":true,"amp_enabled":true,"_links":{"self":[{"href":"https:\/\/armstrongyregion.com.ar\/diario\/wp-json\/wp\/v2\/posts\/29440","targetHints":{"allow":["GET"]}}],"collection":[{"href":"https:\/\/armstrongyregion.com.ar\/diario\/wp-json\/wp\/v2\/posts"}],"about":[{"href":"https:\/\/armstrongyregion.com.ar\/diario\/wp-json\/wp\/v2\/types\/post"}],"author":[{"embeddable":true,"href":"https:\/\/armstrongyregion.com.ar\/diario\/wp-json\/wp\/v2\/users\/1"}],"replies":[{"embeddable":true,"href":"https:\/\/armstrongyregion.com.ar\/diario\/wp-json\/wp\/v2\/comments?post=29440"}],"version-history":[{"count":1,"href":"https:\/\/armstrongyregion.com.ar\/diario\/wp-json\/wp\/v2\/posts\/29440\/revisions"}],"predecessor-version":[{"id":29442,"href":"https:\/\/armstrongyregion.com.ar\/diario\/wp-json\/wp\/v2\/posts\/29440\/revisions\/29442"}],"wp:featuredmedia":[{"embeddable":true,"href":"https:\/\/armstrongyregion.com.ar\/diario\/wp-json\/wp\/v2\/media\/29441"}],"wp:attachment":[{"href":"https:\/\/armstrongyregion.com.ar\/diario\/wp-json\/wp\/v2\/media?parent=29440"}],"wp:term":[{"taxonomy":"category","embeddable":true,"href":"https:\/\/armstrongyregion.com.ar\/diario\/wp-json\/wp\/v2\/categories?post=29440"},{"taxonomy":"post_tag","embeddable":true,"href":"https:\/\/armstrongyregion.com.ar\/diario\/wp-json\/wp\/v2\/tags?post=29440"}],"curies":[{"name":"wp","href":"https:\/\/api.w.org\/{rel}","templated":true}]}}