{"id":29422,"date":"2021-03-23T12:30:38","date_gmt":"2021-03-23T12:30:38","guid":{"rendered":"https:\/\/armstrongyregion.com.ar\/diario\/?p=29422"},"modified":"2021-03-23T12:30:42","modified_gmt":"2021-03-23T12:30:42","slug":"armstrong-recoleccion-de-residuos-domiciliarios-24-03","status":"publish","type":"post","link":"https:\/\/armstrongyregion.com.ar\/diario\/armstrong-recoleccion-de-residuos-domiciliarios-24-03\/","title":{"rendered":"Armstrong. Recolecci\u00f3n de residuos domiciliarios 24\/03."},"content":{"rendered":"\n<figure class=\"wp-block-image size-large\"><img loading=\"lazy\" decoding=\"async\" width=\"685\" height=\"686\" src=\"http:\/\/armstrongyregion.com.ar\/diario\/wp-content\/uploads\/2021\/03\/comunicado-recoleccion-residuos-1.jpg\" alt=\"\" class=\"wp-image-29423\" srcset=\"https:\/\/armstrongyregion.com.ar\/diario\/wp-content\/uploads\/2021\/03\/comunicado-recoleccion-residuos-1.jpg 685w, https:\/\/armstrongyregion.com.ar\/diario\/wp-content\/uploads\/2021\/03\/comunicado-recoleccion-residuos-1-300x300.jpg 300w, https:\/\/armstrongyregion.com.ar\/diario\/wp-content\/uploads\/2021\/03\/comunicado-recoleccion-residuos-1-150x150.jpg 150w\" sizes=\"auto, (max-width: 685px) 100vw, 685px\" \/><\/figure>\n\n\n\n<p>\nLa Municipalidad de Armstrong mediante la Secretar\u00eda de Servicios\nP\u00fablicos informa que la recolecci\u00f3n de residuos domiciliarios del\nmi\u00e9rcoles 24 de marzo, feriado nacional por el D\u00eda de la Memoria\npor la Verdad y la Justicia, se realizar\u00e1 de manera normal. \n<\/p>\n\n\n\n<p>Muchas gracias.<\/p>\n","protected":false},"excerpt":{"rendered":"<p>La Municipalidad de Armstrong mediante la Secretar\u00eda de Servicios P\u00fablicos informa que la recolecci\u00f3n de residuos domiciliarios del mi\u00e9rcoles 24 de marzo, feriado nacional por el D\u00eda de la Memoria por la Verdad y la Justicia, se realizar\u00e1 de manera normal. Muchas gracias.<\/p>\n","protected":false},"author":1,"featured_media":29423,"comment_status":"open","ping_status":"open","sticky":false,"template":"","format":"image","meta":{"_jetpack_memberships_contains_paid_content":false,"footnotes":"","jetpack_publicize_message":"","jetpack_publicize_feature_enabled":true,"jetpack_social_post_already_shared":true,"jetpack_social_options":{"image_generator_settings":{"template":"highway","default_image_id":0,"enabled":false},"version":2}},"categories":[8,1,2],"tags":[],"class_list":["post-29422","post","type-post","status-publish","format-image","has-post-thumbnail","hentry","category-deliberando","category-diario-armstrong","category-locales","post_format-post-format-image"],"jetpack_publicize_connections":[],"jetpack_featured_media_url":"https:\/\/armstrongyregion.com.ar\/diario\/wp-content\/uploads\/2021\/03\/comunicado-recoleccion-residuos-1.jpg","jetpack_shortlink":"https:\/\/wp.me\/p62QDO-7Ey","jetpack_sharing_enabled":true,"amp_enabled":true,"_links":{"self":[{"href":"https:\/\/armstrongyregion.com.ar\/diario\/wp-json\/wp\/v2\/posts\/29422","targetHints":{"allow":["GET"]}}],"collection":[{"href":"https:\/\/armstrongyregion.com.ar\/diario\/wp-json\/wp\/v2\/posts"}],"about":[{"href":"https:\/\/armstrongyregion.com.ar\/diario\/wp-json\/wp\/v2\/types\/post"}],"author":[{"embeddable":true,"href":"https:\/\/armstrongyregion.com.ar\/diario\/wp-json\/wp\/v2\/users\/1"}],"replies":[{"embeddable":true,"href":"https:\/\/armstrongyregion.com.ar\/diario\/wp-json\/wp\/v2\/comments?post=29422"}],"version-history":[{"count":1,"href":"https:\/\/armstrongyregion.com.ar\/diario\/wp-json\/wp\/v2\/posts\/29422\/revisions"}],"predecessor-version":[{"id":29424,"href":"https:\/\/armstrongyregion.com.ar\/diario\/wp-json\/wp\/v2\/posts\/29422\/revisions\/29424"}],"wp:featuredmedia":[{"embeddable":true,"href":"https:\/\/armstrongyregion.com.ar\/diario\/wp-json\/wp\/v2\/media\/29423"}],"wp:attachment":[{"href":"https:\/\/armstrongyregion.com.ar\/diario\/wp-json\/wp\/v2\/media?parent=29422"}],"wp:term":[{"taxonomy":"category","embeddable":true,"href":"https:\/\/armstrongyregion.com.ar\/diario\/wp-json\/wp\/v2\/categories?post=29422"},{"taxonomy":"post_tag","embeddable":true,"href":"https:\/\/armstrongyregion.com.ar\/diario\/wp-json\/wp\/v2\/tags?post=29422"}],"curies":[{"name":"wp","href":"https:\/\/api.w.org\/{rel}","templated":true}]}}