{"id":29419,"date":"2021-03-23T12:25:46","date_gmt":"2021-03-23T12:25:46","guid":{"rendered":"https:\/\/armstrongyregion.com.ar\/diario\/?p=29419"},"modified":"2021-03-23T12:25:51","modified_gmt":"2021-03-23T12:25:51","slug":"canada-de-gomez-reconocimiento-en-el-mac-a-la-artista-canadense-elede-damiano","status":"publish","type":"post","link":"https:\/\/armstrongyregion.com.ar\/diario\/canada-de-gomez-reconocimiento-en-el-mac-a-la-artista-canadense-elede-damiano\/","title":{"rendered":"Ca\u00f1ada de G\u00f3mez. Reconocimiento en el MAC a la artista ca\u00f1adense Elede Damiano."},"content":{"rendered":"\n<figure class=\"wp-block-image size-large\"><img loading=\"lazy\" decoding=\"async\" width=\"520\" height=\"390\" src=\"http:\/\/armstrongyregion.com.ar\/diario\/wp-content\/uploads\/2021\/03\/Clerici-artista-.jpg\" alt=\"\" class=\"wp-image-29420\" srcset=\"https:\/\/armstrongyregion.com.ar\/diario\/wp-content\/uploads\/2021\/03\/Clerici-artista-.jpg 520w, https:\/\/armstrongyregion.com.ar\/diario\/wp-content\/uploads\/2021\/03\/Clerici-artista--300x225.jpg 300w\" sizes=\"auto, (max-width: 520px) 100vw, 520px\" \/><\/figure>\n\n\n\n<p>\n\nComo parte de las actividades por el mes de la mujer, la intendenta Stella Cl\u00e9rici habilit\u00f3 en el Museo de Arte Ca\u00f1adense la muestra en reconocimiento a Elede Damiano, con la exposici\u00f3n de las obras que la artista don\u00f3 para el acervo cultural de la ciudad.&nbsp;La muestra \u201cElede Damiano \u2013 retroespectva\u201d puede visitarse los s\u00e1bados y domingos de 18 a 20hs. en el MAC (Bv. L\u00f3pez 920) hasta el 25 de abril. \u201cLas obras de Elede Damiano son un orgullo para la ciudad y en reconocimiento a ella y su gesto de donarlas, las exponemos una vez m\u00e1s en el MAC\u201d, expres\u00f3 Cl\u00e9rici.\n\n<\/p>\n","protected":false},"excerpt":{"rendered":"<p>Como parte de las actividades por el mes de la mujer, la intendenta Stella Cl\u00e9rici habilit\u00f3 en el Museo de Arte Ca\u00f1adense la muestra en reconocimiento a Elede Damiano, con la exposici\u00f3n de las obras que la artista don\u00f3 para el acervo cultural de la ciudad.&nbsp;La muestra \u201cElede Damiano \u2013 retroespectva\u201d puede visitarse los s\u00e1bados <a href=\"https:\/\/armstrongyregion.com.ar\/diario\/canada-de-gomez-reconocimiento-en-el-mac-a-la-artista-canadense-elede-damiano\/\" title=\"Read more\" >&#8230;<\/a><\/p>\n","protected":false},"author":1,"featured_media":29420,"comment_status":"open","ping_status":"open","sticky":false,"template":"","format":"image","meta":{"_jetpack_memberships_contains_paid_content":false,"footnotes":"","jetpack_publicize_message":"","jetpack_publicize_feature_enabled":true,"jetpack_social_post_already_shared":true,"jetpack_social_options":{"image_generator_settings":{"template":"highway","default_image_id":0,"enabled":false},"version":2}},"categories":[6,8,1,7,3],"tags":[],"class_list":["post-29419","post","type-post","status-publish","format-image","has-post-thumbnail","hentry","category-cultura-entretenimiento","category-deliberando","category-diario-armstrong","category-politica","category-region","post_format-post-format-image"],"jetpack_publicize_connections":[],"jetpack_featured_media_url":"https:\/\/armstrongyregion.com.ar\/diario\/wp-content\/uploads\/2021\/03\/Clerici-artista-.jpg","jetpack_shortlink":"https:\/\/wp.me\/p62QDO-7Ev","jetpack_sharing_enabled":true,"amp_enabled":true,"_links":{"self":[{"href":"https:\/\/armstrongyregion.com.ar\/diario\/wp-json\/wp\/v2\/posts\/29419","targetHints":{"allow":["GET"]}}],"collection":[{"href":"https:\/\/armstrongyregion.com.ar\/diario\/wp-json\/wp\/v2\/posts"}],"about":[{"href":"https:\/\/armstrongyregion.com.ar\/diario\/wp-json\/wp\/v2\/types\/post"}],"author":[{"embeddable":true,"href":"https:\/\/armstrongyregion.com.ar\/diario\/wp-json\/wp\/v2\/users\/1"}],"replies":[{"embeddable":true,"href":"https:\/\/armstrongyregion.com.ar\/diario\/wp-json\/wp\/v2\/comments?post=29419"}],"version-history":[{"count":1,"href":"https:\/\/armstrongyregion.com.ar\/diario\/wp-json\/wp\/v2\/posts\/29419\/revisions"}],"predecessor-version":[{"id":29421,"href":"https:\/\/armstrongyregion.com.ar\/diario\/wp-json\/wp\/v2\/posts\/29419\/revisions\/29421"}],"wp:featuredmedia":[{"embeddable":true,"href":"https:\/\/armstrongyregion.com.ar\/diario\/wp-json\/wp\/v2\/media\/29420"}],"wp:attachment":[{"href":"https:\/\/armstrongyregion.com.ar\/diario\/wp-json\/wp\/v2\/media?parent=29419"}],"wp:term":[{"taxonomy":"category","embeddable":true,"href":"https:\/\/armstrongyregion.com.ar\/diario\/wp-json\/wp\/v2\/categories?post=29419"},{"taxonomy":"post_tag","embeddable":true,"href":"https:\/\/armstrongyregion.com.ar\/diario\/wp-json\/wp\/v2\/tags?post=29419"}],"curies":[{"name":"wp","href":"https:\/\/api.w.org\/{rel}","templated":true}]}}