{"id":29394,"date":"2021-03-22T10:33:41","date_gmt":"2021-03-22T10:33:41","guid":{"rendered":"https:\/\/armstrongyregion.com.ar\/diario\/?p=29394"},"modified":"2021-03-22T10:33:45","modified_gmt":"2021-03-22T10:33:45","slug":"las-rosas-este-lunes-inicia-la-obra-de-gas-natural-en-barrio-27-de-marzo","status":"publish","type":"post","link":"https:\/\/armstrongyregion.com.ar\/diario\/las-rosas-este-lunes-inicia-la-obra-de-gas-natural-en-barrio-27-de-marzo\/","title":{"rendered":"Las Rosas. Este lunes inicia la obra de gas natural en barrio 27 de marzo."},"content":{"rendered":"\n<figure class=\"wp-block-image size-large\"><img loading=\"lazy\" decoding=\"async\" width=\"768\" height=\"513\" src=\"http:\/\/armstrongyregion.com.ar\/diario\/wp-content\/uploads\/2019\/04\/javier-meyer-9-de-abril-.jpg\" alt=\"\" class=\"wp-image-21119\" srcset=\"https:\/\/armstrongyregion.com.ar\/diario\/wp-content\/uploads\/2019\/04\/javier-meyer-9-de-abril-.jpg 768w, https:\/\/armstrongyregion.com.ar\/diario\/wp-content\/uploads\/2019\/04\/javier-meyer-9-de-abril--300x200.jpg 300w\" sizes=\"auto, (max-width: 768px) 100vw, 768px\" \/><\/figure>\n\n\n\n<h2 class=\"wp-block-heading\"> As\u00ed lo inform\u00f3 el Intendente de Las Rosas Javier Meyer, se trata de una obra de primera necesidad, con un importante costo que ser\u00e1 afrontado por el municipio. <\/h2>\n\n\n\n<figure class=\"wp-block-audio\"><audio controls src=\"http:\/\/armstrongyregion.com.ar\/diario\/wp-content\/uploads\/2021\/03\/multimedia.audio_.98b4fbd0ffe8320b.617564696f206d6f6e6f2e6d7033.mp3\"><\/audio><\/figure>\n\n\n\n<p><\/p>\n\n\n\n<p>\u00abEste lunes se va a empezar la obra de gas natural en barrio 27 de marzo, una obra que se gestion\u00f3 \u00edntegramente con recursos municipales, con un gran esfuerzo de las \u00e1reas, y va a empezar a ejecutare la pr\u00f3xima semana.<\/p>\n\n\n\n<p>\u00abUn beneficio para muchas familias, generalmente se hacen con programas nacionales o provinciales, nosotros lo estamos haciendo con el esfuerzo de la caja local, es un m\u00e9rito enorme para todos y esperemos seguir avanzando en otros barrios que lo necesitan\u00bb, expreso Meyer.<\/p>\n\n\n\n<p>Fuente; Renacer FM<\/p>\n","protected":false},"excerpt":{"rendered":"<p>As\u00ed lo inform\u00f3 el Intendente de Las Rosas Javier Meyer, se trata de una obra de primera necesidad, con un importante costo que ser\u00e1 afrontado por el municipio. \u00abEste lunes se va a empezar la obra de gas natural en barrio 27 de marzo, una obra que se gestion\u00f3 \u00edntegramente con recursos municipales, con un <a href=\"https:\/\/armstrongyregion.com.ar\/diario\/las-rosas-este-lunes-inicia-la-obra-de-gas-natural-en-barrio-27-de-marzo\/\" title=\"Read more\" >&#8230;<\/a><\/p>\n","protected":false},"author":1,"featured_media":21119,"comment_status":"open","ping_status":"open","sticky":false,"template":"","format":"image","meta":{"_jetpack_memberships_contains_paid_content":false,"footnotes":"","jetpack_publicize_message":"","jetpack_publicize_feature_enabled":true,"jetpack_social_post_already_shared":true,"jetpack_social_options":{"image_generator_settings":{"template":"highway","default_image_id":0,"enabled":false},"version":2}},"categories":[8,1,7,3],"tags":[],"class_list":["post-29394","post","type-post","status-publish","format-image","has-post-thumbnail","hentry","category-deliberando","category-diario-armstrong","category-politica","category-region","post_format-post-format-image"],"jetpack_publicize_connections":[],"jetpack_featured_media_url":"https:\/\/armstrongyregion.com.ar\/diario\/wp-content\/uploads\/2019\/04\/javier-meyer-9-de-abril-.jpg","jetpack_shortlink":"https:\/\/wp.me\/p62QDO-7E6","jetpack_sharing_enabled":true,"amp_enabled":true,"_links":{"self":[{"href":"https:\/\/armstrongyregion.com.ar\/diario\/wp-json\/wp\/v2\/posts\/29394","targetHints":{"allow":["GET"]}}],"collection":[{"href":"https:\/\/armstrongyregion.com.ar\/diario\/wp-json\/wp\/v2\/posts"}],"about":[{"href":"https:\/\/armstrongyregion.com.ar\/diario\/wp-json\/wp\/v2\/types\/post"}],"author":[{"embeddable":true,"href":"https:\/\/armstrongyregion.com.ar\/diario\/wp-json\/wp\/v2\/users\/1"}],"replies":[{"embeddable":true,"href":"https:\/\/armstrongyregion.com.ar\/diario\/wp-json\/wp\/v2\/comments?post=29394"}],"version-history":[{"count":1,"href":"https:\/\/armstrongyregion.com.ar\/diario\/wp-json\/wp\/v2\/posts\/29394\/revisions"}],"predecessor-version":[{"id":29396,"href":"https:\/\/armstrongyregion.com.ar\/diario\/wp-json\/wp\/v2\/posts\/29394\/revisions\/29396"}],"wp:featuredmedia":[{"embeddable":true,"href":"https:\/\/armstrongyregion.com.ar\/diario\/wp-json\/wp\/v2\/media\/21119"}],"wp:attachment":[{"href":"https:\/\/armstrongyregion.com.ar\/diario\/wp-json\/wp\/v2\/media?parent=29394"}],"wp:term":[{"taxonomy":"category","embeddable":true,"href":"https:\/\/armstrongyregion.com.ar\/diario\/wp-json\/wp\/v2\/categories?post=29394"},{"taxonomy":"post_tag","embeddable":true,"href":"https:\/\/armstrongyregion.com.ar\/diario\/wp-json\/wp\/v2\/tags?post=29394"}],"curies":[{"name":"wp","href":"https:\/\/api.w.org\/{rel}","templated":true}]}}