{"id":29375,"date":"2021-03-19T05:00:08","date_gmt":"2021-03-19T05:00:08","guid":{"rendered":"https:\/\/armstrongyregion.com.ar\/diario\/?p=29375"},"modified":"2021-03-19T05:00:11","modified_gmt":"2021-03-19T05:00:11","slug":"docentes-debaten-si-aceptan-o-no-la-propuesta-salarial","status":"publish","type":"post","link":"https:\/\/armstrongyregion.com.ar\/diario\/docentes-debaten-si-aceptan-o-no-la-propuesta-salarial\/","title":{"rendered":"Docentes debaten si aceptan o no la propuesta salarial."},"content":{"rendered":"\n<figure class=\"wp-block-image size-large\"><img loading=\"lazy\" decoding=\"async\" width=\"882\" height=\"542\" src=\"http:\/\/armstrongyregion.com.ar\/diario\/wp-content\/uploads\/2021\/03\/sola-amsafe.jpg\" alt=\"\" class=\"wp-image-29376\" srcset=\"https:\/\/armstrongyregion.com.ar\/diario\/wp-content\/uploads\/2021\/03\/sola-amsafe.jpg 882w, https:\/\/armstrongyregion.com.ar\/diario\/wp-content\/uploads\/2021\/03\/sola-amsafe-300x184.jpg 300w, https:\/\/armstrongyregion.com.ar\/diario\/wp-content\/uploads\/2021\/03\/sola-amsafe-768x472.jpg 768w\" sizes=\"auto, (max-width: 882px) 100vw, 882px\" \/><\/figure>\n\n\n\n<h2 class=\"wp-block-heading\"> \u201cVeremos en funci\u00f3n de la oferta que salga de la reuni\u00f3n paritaria de hoy, para ver si le damos continuidad al plan de lucha, o haremos las asambleas virtuales para aceptar o no la propuesta\u201d, expresaron desde Amsafe. <\/h2>\n\n\n\n<p><\/p>\n\n\n\n<figure class=\"wp-block-audio\"><audio controls src=\"http:\/\/armstrongyregion.com.ar\/diario\/wp-content\/uploads\/2021\/03\/multimedia.audio_.870df6c3acc4f4fe.617564696f206d6f6e6f2e6d7033.mp3\"><\/audio><figcaption>Nota Ariel Sola-<\/figcaption><\/figure>\n\n\n\n<p><\/p>\n\n\n\n<p>La comisi\u00f3n directiva provincial junto a representantes del gobierno, se reunieron para establecer un adelantamiento de la segunda cuota al mes de junio, impactando en el medio aguinaldo.<\/p>\n\n\n\n<p>En el d\u00eda se reunieron a las 10:00hs la comisi\u00f3n directiva junto a representantes del gobierno para ver si hay o no acuerdo. \u201cveremos en funci\u00f3n de la oferta que salga de la reuni\u00f3n paritaria de hoy para ver si le damos continuidad al plan de lucha, o haremos las asambleas virtuales para&nbsp; aceptar o no la propuesta\u201d, explic\u00f3 el delegado de Amsafe, Ariel Sola.<\/p>\n\n\n\n<p><strong>Esta discusi\u00f3n salarial fue distinta a la de otros a\u00f1os, \u00bfDivide al docente privado con el p\u00fablico?<\/strong><\/p>\n\n\n\n<p>\u201cEn ese sentido Amsafe tiene esta cuesti\u00f3n democr\u00e1tica en donde son los docentes que determinan si una propuesta es aceptada o no. En el caso de los docentes privados son los delegados los que deciden, yo creo que ah\u00ed radica una gran diferencia\u201d, concret\u00f3 Ariel Sola.<\/p>\n\n\n\n<p>\u201cEl que sufre las cuestiones econ\u00f3micas y las realidades institucionales es el docente, por eso es que nosotros creemos que lo conveniente ante una propuesta del gobierno, tom\u00e9 la aceptaci\u00f3n o el rechazo el docente, ah\u00ed radica la diferencia entre un gremio y otro\u201d, afirm\u00f3. &nbsp;&nbsp;<\/p>\n\n\n\n<p>En caso de no existir un acuerdo con los representantes de la provincia, el delegado de Amsafe dijo que habr\u00e1 un paro del 23 y 25 de marzo.&nbsp;<\/p>\n\n\n\n<p>\u201cEste paro de 48 horas ha hecho reflexionar al gobierno y ha atendido algunas de las cuestiones que ven\u00edamos reclamando\u201d, asegur\u00f3 Sola.<\/p>\n\n\n\n<p>Renacer Regional.<\/p>\n","protected":false},"excerpt":{"rendered":"<p>\u201cVeremos en funci\u00f3n de la oferta que salga de la reuni\u00f3n paritaria de hoy, para ver si le damos continuidad al plan de lucha, o haremos las asambleas virtuales para aceptar o no la propuesta\u201d, expresaron desde Amsafe. La comisi\u00f3n directiva provincial junto a representantes del gobierno, se reunieron para establecer un adelantamiento de la <a href=\"https:\/\/armstrongyregion.com.ar\/diario\/docentes-debaten-si-aceptan-o-no-la-propuesta-salarial\/\" title=\"Read more\" >&#8230;<\/a><\/p>\n","protected":false},"author":1,"featured_media":29376,"comment_status":"open","ping_status":"open","sticky":false,"template":"","format":"image","meta":{"_jetpack_memberships_contains_paid_content":false,"footnotes":"","jetpack_publicize_message":"","jetpack_publicize_feature_enabled":true,"jetpack_social_post_already_shared":true,"jetpack_social_options":{"image_generator_settings":{"template":"highway","default_image_id":0,"enabled":false},"version":2}},"categories":[1],"tags":[],"class_list":["post-29375","post","type-post","status-publish","format-image","has-post-thumbnail","hentry","category-diario-armstrong","post_format-post-format-image"],"jetpack_publicize_connections":[],"jetpack_featured_media_url":"https:\/\/armstrongyregion.com.ar\/diario\/wp-content\/uploads\/2021\/03\/sola-amsafe.jpg","jetpack_shortlink":"https:\/\/wp.me\/p62QDO-7DN","jetpack_sharing_enabled":true,"amp_enabled":true,"_links":{"self":[{"href":"https:\/\/armstrongyregion.com.ar\/diario\/wp-json\/wp\/v2\/posts\/29375","targetHints":{"allow":["GET"]}}],"collection":[{"href":"https:\/\/armstrongyregion.com.ar\/diario\/wp-json\/wp\/v2\/posts"}],"about":[{"href":"https:\/\/armstrongyregion.com.ar\/diario\/wp-json\/wp\/v2\/types\/post"}],"author":[{"embeddable":true,"href":"https:\/\/armstrongyregion.com.ar\/diario\/wp-json\/wp\/v2\/users\/1"}],"replies":[{"embeddable":true,"href":"https:\/\/armstrongyregion.com.ar\/diario\/wp-json\/wp\/v2\/comments?post=29375"}],"version-history":[{"count":1,"href":"https:\/\/armstrongyregion.com.ar\/diario\/wp-json\/wp\/v2\/posts\/29375\/revisions"}],"predecessor-version":[{"id":29378,"href":"https:\/\/armstrongyregion.com.ar\/diario\/wp-json\/wp\/v2\/posts\/29375\/revisions\/29378"}],"wp:featuredmedia":[{"embeddable":true,"href":"https:\/\/armstrongyregion.com.ar\/diario\/wp-json\/wp\/v2\/media\/29376"}],"wp:attachment":[{"href":"https:\/\/armstrongyregion.com.ar\/diario\/wp-json\/wp\/v2\/media?parent=29375"}],"wp:term":[{"taxonomy":"category","embeddable":true,"href":"https:\/\/armstrongyregion.com.ar\/diario\/wp-json\/wp\/v2\/categories?post=29375"},{"taxonomy":"post_tag","embeddable":true,"href":"https:\/\/armstrongyregion.com.ar\/diario\/wp-json\/wp\/v2\/tags?post=29375"}],"curies":[{"name":"wp","href":"https:\/\/api.w.org\/{rel}","templated":true}]}}