{"id":29366,"date":"2021-03-19T04:43:20","date_gmt":"2021-03-19T04:43:20","guid":{"rendered":"https:\/\/armstrongyregion.com.ar\/diario\/?p=29366"},"modified":"2021-03-19T04:43:24","modified_gmt":"2021-03-19T04:43:24","slug":"se-fue-marcelo-sain-y-lo-reemplazara-jorge-lagna-en-el-ministerio-de-seguridad","status":"publish","type":"post","link":"https:\/\/armstrongyregion.com.ar\/diario\/se-fue-marcelo-sain-y-lo-reemplazara-jorge-lagna-en-el-ministerio-de-seguridad\/","title":{"rendered":"Se fue Marcelo Sain y lo reemplazar\u00e1 Jorge Lagna en el Ministerio de Seguridad."},"content":{"rendered":"\n<figure class=\"wp-block-image size-large\"><img loading=\"lazy\" decoding=\"async\" width=\"800\" height=\"450\" src=\"http:\/\/armstrongyregion.com.ar\/diario\/wp-content\/uploads\/2021\/03\/sainlagna.jpg_1756841869.jpg\" alt=\"\" class=\"wp-image-29367\" srcset=\"https:\/\/armstrongyregion.com.ar\/diario\/wp-content\/uploads\/2021\/03\/sainlagna.jpg_1756841869.jpg 800w, https:\/\/armstrongyregion.com.ar\/diario\/wp-content\/uploads\/2021\/03\/sainlagna.jpg_1756841869-300x169.jpg 300w, https:\/\/armstrongyregion.com.ar\/diario\/wp-content\/uploads\/2021\/03\/sainlagna.jpg_1756841869-768x432.jpg 768w\" sizes=\"auto, (max-width: 800px) 100vw, 800px\" \/><\/figure>\n\n\n\n<h2 class=\"wp-block-heading\"> Perotti tom\u00f3 la decisi\u00f3n\u00a0en esa sensible \u00e1rea de gobierno, en un clima de m\u00e1xima tensi\u00f3n. Sustituir\u00e1 en el cargo al ministro saliente\u00a0el actual secretario de Gesti\u00f3n Institucional y Social de la Seguridad. El anuncio oficial se har\u00e1 este viernes.<\/h2>\n\n\n\n<p> Luego de varias jornadas cargadas de versiones en torno a<strong>\u00a0la salida del ministro de Seguridad de la provincia, Marcelo Sain<\/strong>, el gobernador Omar Perotti finalmente resolvi\u00f3 reemplazarlo por quien hasta hoy\u00a0se desempe\u00f1aba como\u00a0<strong>secretario de Gesti\u00f3n Institucional y Social de la Seguridad, el ex diputado Jorge Lagna. El anuncio oficial se har\u00e1 este viernes.<\/strong> <\/p>\n\n\n\n<p>Durante las \u00faltimas semanas, no s\u00f3lo la&nbsp;<strong>creciente cifra de hechos delictivos<\/strong>&nbsp;en la provincia (en especial en Rosario y Santa Fe) complicaron la situaci\u00f3n de Sain, sino tambi\u00e9n sus pol\u00e9micas declaraciones en redes sociales. En especial, los&nbsp;<strong>comentarios denigrantes y racistas&nbsp;<\/strong>con los que el funcionario se refiri\u00f3 a la poblaci\u00f3n santafesina, que le significaron la presentaci\u00f3n de un<strong>&nbsp;pedido de juicio pol\u00edtico en la Legislatura.<\/strong><\/p>\n\n\n\n<p>MIR\u00c1 TAMBI\u00c9N<\/p>\n","protected":false},"excerpt":{"rendered":"<p>Perotti tom\u00f3 la decisi\u00f3n\u00a0en esa sensible \u00e1rea de gobierno, en un clima de m\u00e1xima tensi\u00f3n. Sustituir\u00e1 en el cargo al ministro saliente\u00a0el actual secretario de Gesti\u00f3n Institucional y Social de la Seguridad. El anuncio oficial se har\u00e1 este viernes. Luego de varias jornadas cargadas de versiones en torno a\u00a0la salida del ministro de Seguridad de <a href=\"https:\/\/armstrongyregion.com.ar\/diario\/se-fue-marcelo-sain-y-lo-reemplazara-jorge-lagna-en-el-ministerio-de-seguridad\/\" title=\"Read more\" >&#8230;<\/a><\/p>\n","protected":false},"author":1,"featured_media":29367,"comment_status":"open","ping_status":"open","sticky":false,"template":"","format":"image","meta":{"_jetpack_memberships_contains_paid_content":false,"footnotes":"","jetpack_publicize_message":"","jetpack_publicize_feature_enabled":true,"jetpack_social_post_already_shared":true,"jetpack_social_options":{"image_generator_settings":{"template":"highway","default_image_id":0,"enabled":false},"version":2}},"categories":[8,1,2,7,3],"tags":[],"class_list":["post-29366","post","type-post","status-publish","format-image","has-post-thumbnail","hentry","category-deliberando","category-diario-armstrong","category-locales","category-politica","category-region","post_format-post-format-image"],"jetpack_publicize_connections":[],"jetpack_featured_media_url":"https:\/\/armstrongyregion.com.ar\/diario\/wp-content\/uploads\/2021\/03\/sainlagna.jpg_1756841869.jpg","jetpack_shortlink":"https:\/\/wp.me\/p62QDO-7DE","jetpack_sharing_enabled":true,"amp_enabled":true,"_links":{"self":[{"href":"https:\/\/armstrongyregion.com.ar\/diario\/wp-json\/wp\/v2\/posts\/29366","targetHints":{"allow":["GET"]}}],"collection":[{"href":"https:\/\/armstrongyregion.com.ar\/diario\/wp-json\/wp\/v2\/posts"}],"about":[{"href":"https:\/\/armstrongyregion.com.ar\/diario\/wp-json\/wp\/v2\/types\/post"}],"author":[{"embeddable":true,"href":"https:\/\/armstrongyregion.com.ar\/diario\/wp-json\/wp\/v2\/users\/1"}],"replies":[{"embeddable":true,"href":"https:\/\/armstrongyregion.com.ar\/diario\/wp-json\/wp\/v2\/comments?post=29366"}],"version-history":[{"count":1,"href":"https:\/\/armstrongyregion.com.ar\/diario\/wp-json\/wp\/v2\/posts\/29366\/revisions"}],"predecessor-version":[{"id":29368,"href":"https:\/\/armstrongyregion.com.ar\/diario\/wp-json\/wp\/v2\/posts\/29366\/revisions\/29368"}],"wp:featuredmedia":[{"embeddable":true,"href":"https:\/\/armstrongyregion.com.ar\/diario\/wp-json\/wp\/v2\/media\/29367"}],"wp:attachment":[{"href":"https:\/\/armstrongyregion.com.ar\/diario\/wp-json\/wp\/v2\/media?parent=29366"}],"wp:term":[{"taxonomy":"category","embeddable":true,"href":"https:\/\/armstrongyregion.com.ar\/diario\/wp-json\/wp\/v2\/categories?post=29366"},{"taxonomy":"post_tag","embeddable":true,"href":"https:\/\/armstrongyregion.com.ar\/diario\/wp-json\/wp\/v2\/tags?post=29366"}],"curies":[{"name":"wp","href":"https:\/\/api.w.org\/{rel}","templated":true}]}}