{"id":29360,"date":"2021-03-18T02:27:31","date_gmt":"2021-03-18T02:27:31","guid":{"rendered":"https:\/\/armstrongyregion.com.ar\/diario\/?p=29360"},"modified":"2021-03-18T02:37:20","modified_gmt":"2021-03-18T02:37:20","slug":"las-rosas-personas-bloquean-la-salida-de-maestranza-ante-un-nuevo-paro-provincial-de-municipales","status":"publish","type":"post","link":"https:\/\/armstrongyregion.com.ar\/diario\/las-rosas-personas-bloquean-la-salida-de-maestranza-ante-un-nuevo-paro-provincial-de-municipales\/","title":{"rendered":"Las Rosas: personas bloquean la salida de maestranza ante un nuevo paro provincial de municipales."},"content":{"rendered":"\n<figure class=\"wp-block-image size-large\"><img loading=\"lazy\" decoding=\"async\" width=\"516\" height=\"291\" src=\"http:\/\/armstrongyregion.com.ar\/diario\/wp-content\/uploads\/2021\/03\/las-rosas-sitram-marzo-2021-.jpg\" alt=\"\" class=\"wp-image-29364\" srcset=\"https:\/\/armstrongyregion.com.ar\/diario\/wp-content\/uploads\/2021\/03\/las-rosas-sitram-marzo-2021-.jpg 516w, https:\/\/armstrongyregion.com.ar\/diario\/wp-content\/uploads\/2021\/03\/las-rosas-sitram-marzo-2021--300x169.jpg 300w\" sizes=\"auto, (max-width: 516px) 100vw, 516px\" \/><\/figure>\n\n\n\n<h2 class=\"wp-block-heading\"> Como a ocurrido en otras oportunidades, los trabajadores municipales de Las Rosas no adhieren en su mayor\u00eda. <\/h2>\n\n\n\n<figure class=\"wp-block-audio\"><audio controls src=\"http:\/\/armstrongyregion.com.ar\/diario\/wp-content\/uploads\/2021\/03\/multimedia.audio_.9cbc7e70a18da874.6d756c74696d656469612e617564696f2e3937626566626562346661616361642e6d7033.mp3\"><\/audio><figcaption> Intendente Javier Meyer <\/figcaption><\/figure>\n\n\n\n<p><\/p>\n\n\n\n<p>El intendente municipal Javier Meyer expres\u00f3 su malestar con la situaci\u00f3n diciendo que&nbsp;<em>\u00abcomo siempre, ni desde Fiscal\u00eda ni desde la Polic\u00eda act\u00faan para impedir esta situaci\u00f3n de atropello, solo vienen a cuidar.\u00bb<\/em><\/p>\n\n\n\n<p><em>\u00abRepito hasta el cansancio que quienes pagan el sueldo de los trabajadores del municipio son los vecinos. Yo pretendo cuidar el dinero del contribuyente rosense, porque si no trabajamos pero igual cobramos, esa plata la pone el vecino al pagar sus tasas\u00bb,&nbsp;<\/em>continu\u00f3.&nbsp;<\/p>\n\n\n\n<p>El Intendente manifest\u00f3 estar muy acuerdo en que los salarios deben aumentar,&nbsp;<em>\u00abante una situaci\u00f3n ec\u00f3nomica que se dispara, con inflaci\u00f3n que achica los ingresos. Pero no es esta la manera\u00bb.<\/em><\/p>\n\n\n\n<p><em>\u201cPara m\u00ed es m\u00e1s f\u00e1cil agarrar y tomar la postura c\u00f3moda de la gremial, y de muchos intendentes. Pero yo defiendo la plata del pueblo\u201d,&nbsp;<\/em>asegur\u00f3 Meyer.<em>&nbsp;\u201cHace cinco a\u00f1os que soy intendente y esto parece el cuento de la buena pipa, no aprendimos nada\u00bb.<\/em><\/p>\n\n\n\n<p>(Se recomienda escuchar el audio completo)<\/p>\n\n\n\n<p><\/p>\n\n\n\n<figure class=\"wp-block-audio\"><audio controls src=\"http:\/\/armstrongyregion.com.ar\/diario\/wp-content\/uploads\/2021\/03\/multimedia.audio_.89ef78386c8cd575.6d756c74696d656469612e617564696f2e3965643465333130323663666664382e6d7033.mp3\"><\/audio><\/figure>\n\n\n\n<p>De Claudio G\u00f3mez &#8211; SITRAM:<\/p>\n\n\n\n<p><em>\u00abNosotros venimos a dar apoyo a la gente para que se pueda realizar el paro. La libertad de trabajo no se la prohibimos a nadie, pero el que quiere laburar puede hacerlo solo con herramientas de mano, no se pueden sacar maquinarias\u00bb<\/em>, expres\u00f3 el Secretario General de SITRAM, acompa\u00f1ado por dirigentes de FESTRAM.&nbsp;<\/p>\n","protected":false},"excerpt":{"rendered":"<p>Como a ocurrido en otras oportunidades, los trabajadores municipales de Las Rosas no adhieren en su mayor\u00eda. El intendente municipal Javier Meyer expres\u00f3 su malestar con la situaci\u00f3n diciendo que&nbsp;\u00abcomo siempre, ni desde Fiscal\u00eda ni desde la Polic\u00eda act\u00faan para impedir esta situaci\u00f3n de atropello, solo vienen a cuidar.\u00bb \u00abRepito hasta el cansancio que quienes <a href=\"https:\/\/armstrongyregion.com.ar\/diario\/las-rosas-personas-bloquean-la-salida-de-maestranza-ante-un-nuevo-paro-provincial-de-municipales\/\" title=\"Read more\" >&#8230;<\/a><\/p>\n","protected":false},"author":1,"featured_media":29364,"comment_status":"open","ping_status":"open","sticky":false,"template":"","format":"image","meta":{"_jetpack_memberships_contains_paid_content":false,"footnotes":"","jetpack_publicize_message":"","jetpack_publicize_feature_enabled":true,"jetpack_social_post_already_shared":true,"jetpack_social_options":{"image_generator_settings":{"template":"highway","default_image_id":0,"enabled":false},"version":2}},"categories":[8,1,2,7,3],"tags":[],"class_list":["post-29360","post","type-post","status-publish","format-image","has-post-thumbnail","hentry","category-deliberando","category-diario-armstrong","category-locales","category-politica","category-region","post_format-post-format-image"],"jetpack_publicize_connections":[],"jetpack_featured_media_url":"https:\/\/armstrongyregion.com.ar\/diario\/wp-content\/uploads\/2021\/03\/las-rosas-sitram-marzo-2021-.jpg","jetpack_shortlink":"https:\/\/wp.me\/p62QDO-7Dy","jetpack_sharing_enabled":true,"amp_enabled":true,"_links":{"self":[{"href":"https:\/\/armstrongyregion.com.ar\/diario\/wp-json\/wp\/v2\/posts\/29360","targetHints":{"allow":["GET"]}}],"collection":[{"href":"https:\/\/armstrongyregion.com.ar\/diario\/wp-json\/wp\/v2\/posts"}],"about":[{"href":"https:\/\/armstrongyregion.com.ar\/diario\/wp-json\/wp\/v2\/types\/post"}],"author":[{"embeddable":true,"href":"https:\/\/armstrongyregion.com.ar\/diario\/wp-json\/wp\/v2\/users\/1"}],"replies":[{"embeddable":true,"href":"https:\/\/armstrongyregion.com.ar\/diario\/wp-json\/wp\/v2\/comments?post=29360"}],"version-history":[{"count":2,"href":"https:\/\/armstrongyregion.com.ar\/diario\/wp-json\/wp\/v2\/posts\/29360\/revisions"}],"predecessor-version":[{"id":29365,"href":"https:\/\/armstrongyregion.com.ar\/diario\/wp-json\/wp\/v2\/posts\/29360\/revisions\/29365"}],"wp:featuredmedia":[{"embeddable":true,"href":"https:\/\/armstrongyregion.com.ar\/diario\/wp-json\/wp\/v2\/media\/29364"}],"wp:attachment":[{"href":"https:\/\/armstrongyregion.com.ar\/diario\/wp-json\/wp\/v2\/media?parent=29360"}],"wp:term":[{"taxonomy":"category","embeddable":true,"href":"https:\/\/armstrongyregion.com.ar\/diario\/wp-json\/wp\/v2\/categories?post=29360"},{"taxonomy":"post_tag","embeddable":true,"href":"https:\/\/armstrongyregion.com.ar\/diario\/wp-json\/wp\/v2\/tags?post=29360"}],"curies":[{"name":"wp","href":"https:\/\/api.w.org\/{rel}","templated":true}]}}