{"id":29337,"date":"2021-03-17T02:26:48","date_gmt":"2021-03-17T02:26:48","guid":{"rendered":"https:\/\/armstrongyregion.com.ar\/diario\/?p=29337"},"modified":"2021-03-17T02:26:50","modified_gmt":"2021-03-17T02:26:50","slug":"municipales-de-festram-van-al-paro-el-miercoles-y-jueves","status":"publish","type":"post","link":"https:\/\/armstrongyregion.com.ar\/diario\/municipales-de-festram-van-al-paro-el-miercoles-y-jueves\/","title":{"rendered":"Municipales de Festram van al paro el mi\u00e9rcoles y jueves."},"content":{"rendered":"\n<figure class=\"wp-block-image size-large\"><img loading=\"lazy\" decoding=\"async\" width=\"800\" height=\"665\" src=\"http:\/\/armstrongyregion.com.ar\/diario\/wp-content\/uploads\/2021\/03\/1038-Festram-debate.jpg\" alt=\"\" class=\"wp-image-29338\" srcset=\"https:\/\/armstrongyregion.com.ar\/diario\/wp-content\/uploads\/2021\/03\/1038-Festram-debate.jpg 800w, https:\/\/armstrongyregion.com.ar\/diario\/wp-content\/uploads\/2021\/03\/1038-Festram-debate-300x249.jpg 300w, https:\/\/armstrongyregion.com.ar\/diario\/wp-content\/uploads\/2021\/03\/1038-Festram-debate-768x638.jpg 768w\" sizes=\"auto, (max-width: 800px) 100vw, 800px\" \/><\/figure>\n\n\n\n<p>Los trabajadores municipales de la provincia de Santa Fe anunciaron un paro de actividades por 48 horas para el mi\u00e9rcoles y el jueves pr\u00f3ximo ante la \u201cfalta de una propuesta concreta en porcentuales, tramos y meses de pago\u201d, en el marco de la continuidad de las paritarias con los intendentes y presidentes comunales.<\/p>\n\n\n\n<p>As\u00ed lo inform\u00f3 la Federaci\u00f3n de Sindicatos de Trabajadores Municipales (Festram), que resolvi\u00f3 \u201cejecutar el mandato del plenario de secretarios generales, que los faculta a determinar acciones en caso de no arribar a un acuerdo\u201d.<\/p>\n\n\n\n<p>La medida llega \u201cante la falta de propuesta en porcentuales, tramos y meses concretos de pago\u201d, indica un comunicado de la Festram.<\/p>\n\n\n\n<p>\u201cDespu\u00e9s de varias jornadas de negociaciones y a pesar de coincidir en los par\u00e1metros referenciales de ofertas salariales nacionales y provinciales que superen los \u00edndices inflacionarios, los representantes de los Intendentes no lograron definir una propuesta de aumento concreta\u201d, a\u00f1ade el texto.<\/p>\n\n\n\n<p>Ante ello, los miembros paritarios de la Festram \u201cresolvieron un paro de 48 horas para el mi\u00e9rcoles 17 y jueves 18, sin asistencia en los lugares de trabajo, facultando a los sindicatos (de cada localidad) a adecuar la modalidad para garantizar la medida\u201d.<\/p>\n\n\n\n<p>De todas formas, la entidad sindical se\u00f1al\u00f3 que \u201caguarda que los intendentes hagan una oferta salarial acorde a las expectativas y necesidades de los trabajadores municipales que permitan llegar a un acuerdo antes de la medida de fuerza\u201d.<\/p>\n","protected":false},"excerpt":{"rendered":"<p>Los trabajadores municipales de la provincia de Santa Fe anunciaron un paro de actividades por 48 horas para el mi\u00e9rcoles y el jueves pr\u00f3ximo ante la \u201cfalta de una propuesta concreta en porcentuales, tramos y meses de pago\u201d, en el marco de la continuidad de las paritarias con los intendentes y presidentes comunales. As\u00ed lo <a href=\"https:\/\/armstrongyregion.com.ar\/diario\/municipales-de-festram-van-al-paro-el-miercoles-y-jueves\/\" title=\"Read more\" >&#8230;<\/a><\/p>\n","protected":false},"author":1,"featured_media":29338,"comment_status":"open","ping_status":"open","sticky":false,"template":"","format":"image","meta":{"_jetpack_memberships_contains_paid_content":false,"footnotes":"","jetpack_publicize_message":"","jetpack_publicize_feature_enabled":true,"jetpack_social_post_already_shared":true,"jetpack_social_options":{"image_generator_settings":{"template":"highway","default_image_id":0,"enabled":false},"version":2}},"categories":[8,1,2,7,3],"tags":[],"class_list":["post-29337","post","type-post","status-publish","format-image","has-post-thumbnail","hentry","category-deliberando","category-diario-armstrong","category-locales","category-politica","category-region","post_format-post-format-image"],"jetpack_publicize_connections":[],"jetpack_featured_media_url":"https:\/\/armstrongyregion.com.ar\/diario\/wp-content\/uploads\/2021\/03\/1038-Festram-debate.jpg","jetpack_shortlink":"https:\/\/wp.me\/p62QDO-7Db","jetpack_sharing_enabled":true,"amp_enabled":true,"_links":{"self":[{"href":"https:\/\/armstrongyregion.com.ar\/diario\/wp-json\/wp\/v2\/posts\/29337","targetHints":{"allow":["GET"]}}],"collection":[{"href":"https:\/\/armstrongyregion.com.ar\/diario\/wp-json\/wp\/v2\/posts"}],"about":[{"href":"https:\/\/armstrongyregion.com.ar\/diario\/wp-json\/wp\/v2\/types\/post"}],"author":[{"embeddable":true,"href":"https:\/\/armstrongyregion.com.ar\/diario\/wp-json\/wp\/v2\/users\/1"}],"replies":[{"embeddable":true,"href":"https:\/\/armstrongyregion.com.ar\/diario\/wp-json\/wp\/v2\/comments?post=29337"}],"version-history":[{"count":1,"href":"https:\/\/armstrongyregion.com.ar\/diario\/wp-json\/wp\/v2\/posts\/29337\/revisions"}],"predecessor-version":[{"id":29339,"href":"https:\/\/armstrongyregion.com.ar\/diario\/wp-json\/wp\/v2\/posts\/29337\/revisions\/29339"}],"wp:featuredmedia":[{"embeddable":true,"href":"https:\/\/armstrongyregion.com.ar\/diario\/wp-json\/wp\/v2\/media\/29338"}],"wp:attachment":[{"href":"https:\/\/armstrongyregion.com.ar\/diario\/wp-json\/wp\/v2\/media?parent=29337"}],"wp:term":[{"taxonomy":"category","embeddable":true,"href":"https:\/\/armstrongyregion.com.ar\/diario\/wp-json\/wp\/v2\/categories?post=29337"},{"taxonomy":"post_tag","embeddable":true,"href":"https:\/\/armstrongyregion.com.ar\/diario\/wp-json\/wp\/v2\/tags?post=29337"}],"curies":[{"name":"wp","href":"https:\/\/api.w.org\/{rel}","templated":true}]}}