{"id":29303,"date":"2021-03-15T16:04:24","date_gmt":"2021-03-15T16:04:24","guid":{"rendered":"https:\/\/armstrongyregion.com.ar\/diario\/?p=29303"},"modified":"2021-03-15T16:04:28","modified_gmt":"2021-03-15T16:04:28","slug":"1er-dia-de-paro-de-los-docentes-nucleados-en-amsafe","status":"publish","type":"post","link":"https:\/\/armstrongyregion.com.ar\/diario\/1er-dia-de-paro-de-los-docentes-nucleados-en-amsafe\/","title":{"rendered":"1er d\u00eda de paro de los docentes nucleados en Amsafe."},"content":{"rendered":"\n<figure class=\"wp-block-image size-large\"><img loading=\"lazy\" decoding=\"async\" width=\"276\" height=\"183\" src=\"http:\/\/armstrongyregion.com.ar\/diario\/wp-content\/uploads\/2021\/03\/clases.jpg\" alt=\"\" class=\"wp-image-29304\"\/><\/figure>\n\n\n\n<p>Tras el rechazo de la propuesta salarial ofrecida por el gobierno provincial por parte de Amsafe, hoy comienza el primer d\u00eda de paro de los docentes nucleados en dicho gremio.<\/p>\n\n\n\n<p>RESOLUCI\u00d3N DEL PLENARIO PROVINCIAL DE AMSAFE:<\/p>\n\n\n\n<p>Santa Fe, 10 de marzo de 2021.<\/p>\n\n\n\n<p>Visto:<\/p>\n\n\n\n<p>La propuesta emanada de la Paritaria del d\u00eda 8 de marzo de 2021, y<\/p>\n\n\n\n<p>Considerando:<\/p>\n\n\n\n<p>Que la propuesta fue considerada insuficiente en el plenario provincial con 12657 votos por el rechazo y 11.576 votos por la aceptaci\u00f3n;<\/p>\n\n\n\n<p>Que resulta necesario que la propuesta salarial contenga menos tramos y se adelante el pago;<\/p>\n\n\n\n<p>Que se solicita que el cronograma de ofrecimiento y toma de posesi\u00f3n de IPE sea adelantado;<\/p>\n\n\n\n<p>El Plenario Provincial, realizado en el d\u00eda de la fecha, con la participaci\u00f3n de las y los Delegados Seccionales de los 19 Departamentos, y la votaci\u00f3n de m\u00e1s de 24 mil trabajadoras y trabajadores de la educaci\u00f3n,<\/p>\n\n\n\n<p>Resuelve:<\/p>\n\n\n\n<p>Paro de 48 horas los d\u00edas 15 y el 16 de marzo.<\/p>\n\n\n\n<p>En caso de no haber una nueva propuesta, paro de 48 horas los d\u00edas 23 y 25 de marzo.<\/p>\n","protected":false},"excerpt":{"rendered":"<p>Tras el rechazo de la propuesta salarial ofrecida por el gobierno provincial por parte de Amsafe, hoy comienza el primer d\u00eda de paro de los docentes nucleados en dicho gremio. RESOLUCI\u00d3N DEL PLENARIO PROVINCIAL DE AMSAFE: Santa Fe, 10 de marzo de 2021. Visto: La propuesta emanada de la Paritaria del d\u00eda 8 de marzo <a href=\"https:\/\/armstrongyregion.com.ar\/diario\/1er-dia-de-paro-de-los-docentes-nucleados-en-amsafe\/\" title=\"Read more\" >&#8230;<\/a><\/p>\n","protected":false},"author":1,"featured_media":29304,"comment_status":"open","ping_status":"open","sticky":false,"template":"","format":"image","meta":{"_jetpack_memberships_contains_paid_content":false,"footnotes":"","jetpack_publicize_message":"","jetpack_publicize_feature_enabled":true,"jetpack_social_post_already_shared":true,"jetpack_social_options":{"image_generator_settings":{"template":"highway","default_image_id":0,"enabled":false},"version":2}},"categories":[6,8,1,2,7,3],"tags":[],"class_list":["post-29303","post","type-post","status-publish","format-image","has-post-thumbnail","hentry","category-cultura-entretenimiento","category-deliberando","category-diario-armstrong","category-locales","category-politica","category-region","post_format-post-format-image"],"jetpack_publicize_connections":[],"jetpack_featured_media_url":"https:\/\/armstrongyregion.com.ar\/diario\/wp-content\/uploads\/2021\/03\/clases.jpg","jetpack_shortlink":"https:\/\/wp.me\/p62QDO-7CD","jetpack_sharing_enabled":true,"amp_enabled":true,"_links":{"self":[{"href":"https:\/\/armstrongyregion.com.ar\/diario\/wp-json\/wp\/v2\/posts\/29303","targetHints":{"allow":["GET"]}}],"collection":[{"href":"https:\/\/armstrongyregion.com.ar\/diario\/wp-json\/wp\/v2\/posts"}],"about":[{"href":"https:\/\/armstrongyregion.com.ar\/diario\/wp-json\/wp\/v2\/types\/post"}],"author":[{"embeddable":true,"href":"https:\/\/armstrongyregion.com.ar\/diario\/wp-json\/wp\/v2\/users\/1"}],"replies":[{"embeddable":true,"href":"https:\/\/armstrongyregion.com.ar\/diario\/wp-json\/wp\/v2\/comments?post=29303"}],"version-history":[{"count":1,"href":"https:\/\/armstrongyregion.com.ar\/diario\/wp-json\/wp\/v2\/posts\/29303\/revisions"}],"predecessor-version":[{"id":29305,"href":"https:\/\/armstrongyregion.com.ar\/diario\/wp-json\/wp\/v2\/posts\/29303\/revisions\/29305"}],"wp:featuredmedia":[{"embeddable":true,"href":"https:\/\/armstrongyregion.com.ar\/diario\/wp-json\/wp\/v2\/media\/29304"}],"wp:attachment":[{"href":"https:\/\/armstrongyregion.com.ar\/diario\/wp-json\/wp\/v2\/media?parent=29303"}],"wp:term":[{"taxonomy":"category","embeddable":true,"href":"https:\/\/armstrongyregion.com.ar\/diario\/wp-json\/wp\/v2\/categories?post=29303"},{"taxonomy":"post_tag","embeddable":true,"href":"https:\/\/armstrongyregion.com.ar\/diario\/wp-json\/wp\/v2\/tags?post=29303"}],"curies":[{"name":"wp","href":"https:\/\/api.w.org\/{rel}","templated":true}]}}