{"id":29297,"date":"2021-03-15T14:04:29","date_gmt":"2021-03-15T14:04:29","guid":{"rendered":"https:\/\/armstrongyregion.com.ar\/diario\/?p=29297"},"modified":"2021-03-15T14:04:33","modified_gmt":"2021-03-15T14:04:33","slug":"cada-vez-mas-cerca-la-reconstruccion-de-la-9-en-la-region","status":"publish","type":"post","link":"https:\/\/armstrongyregion.com.ar\/diario\/cada-vez-mas-cerca-la-reconstruccion-de-la-9-en-la-region\/","title":{"rendered":"Cada vez m\u00e1s cerca la reconstrucci\u00f3n de la 9 en la regi\u00f3n."},"content":{"rendered":"\n<figure class=\"wp-block-image size-large\"><img loading=\"lazy\" decoding=\"async\" width=\"640\" height=\"480\" src=\"http:\/\/armstrongyregion.com.ar\/diario\/wp-content\/uploads\/2021\/03\/Ruta-9-avances-.jpg\" alt=\"\" class=\"wp-image-29298\" srcset=\"https:\/\/armstrongyregion.com.ar\/diario\/wp-content\/uploads\/2021\/03\/Ruta-9-avances-.jpg 640w, https:\/\/armstrongyregion.com.ar\/diario\/wp-content\/uploads\/2021\/03\/Ruta-9-avances--300x225.jpg 300w\" sizes=\"auto, (max-width: 640px) 100vw, 640px\" \/><\/figure>\n\n\n\n<p>\n\nCl\u00e9rici recibi\u00f3 a autoridades nacionales y provinciales para anunciar en conjunto, que en los pr\u00f3ximos d\u00edas comenzar\u00e1n los trabajos en el tramo Rold\u00e1n \u2013 Bell Ville. En este marco, recorrieron los avances de las obras en zonas semaforizadas de la ciudad.<\/p>\n\n\n\n<p>La intendenta Stella Cl\u00e9rici recibi\u00f3 a &nbsp;autoridades nacionales y provinciales para recorrer los trabajos en Ruta N\u00ba 9, en el marco del reciente anuncio de reconstrucci\u00f3n de la traza en el tramo Rold\u00e1n \u2013 Bell Ville.<br>En la ma\u00f1ana del viernes estuvieron en la ciudad el secretario de Integraci\u00f3n y Fortalecimiento Institucional de la provincia, Jos\u00e9 Freyre; la senadora Nacional por Santa Fe, Mar\u00eda de los \u00c1ngeles Sacnun; el gerente de Regiones y Distritos Provinciales de Vialidad Nacional, Patricio Garc\u00eda y el jefe de Distrito 7 de Vialidad Nacional, Fabio S\u00e1nchez.<br>Desde Vialidad destacaron que los contratos ya fueron actualizados y en los pr\u00f3ximos d\u00edas comenzar\u00e1n los trabajos par parte dela UTE, incluyendo reconstrucci\u00f3n y mantenimiento. \u201cLogramos una obra hist\u00f3rica para nuestra ciudad y la regi\u00f3n. Muy pronto comenzar\u00e1 la reconstrucci\u00f3n de la 9 en el tramo Rold\u00e1n-Bell Ville, &nbsp;por la que tanto luchamos\u201d, destac\u00f3 Cl\u00e9rici luego de recorrer tareas en las intersecciones de Alem y Laprida.<\/p>\n\n\n\n<p><\/p>\n","protected":false},"excerpt":{"rendered":"<p>Cl\u00e9rici recibi\u00f3 a autoridades nacionales y provinciales para anunciar en conjunto, que en los pr\u00f3ximos d\u00edas comenzar\u00e1n los trabajos en el tramo Rold\u00e1n \u2013 Bell Ville. En este marco, recorrieron los avances de las obras en zonas semaforizadas de la ciudad. La intendenta Stella Cl\u00e9rici recibi\u00f3 a &nbsp;autoridades nacionales y provinciales para recorrer los trabajos <a href=\"https:\/\/armstrongyregion.com.ar\/diario\/cada-vez-mas-cerca-la-reconstruccion-de-la-9-en-la-region\/\" title=\"Read more\" >&#8230;<\/a><\/p>\n","protected":false},"author":1,"featured_media":29298,"comment_status":"open","ping_status":"open","sticky":false,"template":"","format":"image","meta":{"_jetpack_memberships_contains_paid_content":false,"footnotes":"","jetpack_publicize_message":"","jetpack_publicize_feature_enabled":true,"jetpack_social_post_already_shared":true,"jetpack_social_options":{"image_generator_settings":{"template":"highway","default_image_id":0,"enabled":false},"version":2}},"categories":[8,1,7,3],"tags":[],"class_list":["post-29297","post","type-post","status-publish","format-image","has-post-thumbnail","hentry","category-deliberando","category-diario-armstrong","category-politica","category-region","post_format-post-format-image"],"jetpack_publicize_connections":[],"jetpack_featured_media_url":"https:\/\/armstrongyregion.com.ar\/diario\/wp-content\/uploads\/2021\/03\/Ruta-9-avances-.jpg","jetpack_shortlink":"https:\/\/wp.me\/p62QDO-7Cx","jetpack_sharing_enabled":true,"amp_enabled":true,"_links":{"self":[{"href":"https:\/\/armstrongyregion.com.ar\/diario\/wp-json\/wp\/v2\/posts\/29297","targetHints":{"allow":["GET"]}}],"collection":[{"href":"https:\/\/armstrongyregion.com.ar\/diario\/wp-json\/wp\/v2\/posts"}],"about":[{"href":"https:\/\/armstrongyregion.com.ar\/diario\/wp-json\/wp\/v2\/types\/post"}],"author":[{"embeddable":true,"href":"https:\/\/armstrongyregion.com.ar\/diario\/wp-json\/wp\/v2\/users\/1"}],"replies":[{"embeddable":true,"href":"https:\/\/armstrongyregion.com.ar\/diario\/wp-json\/wp\/v2\/comments?post=29297"}],"version-history":[{"count":1,"href":"https:\/\/armstrongyregion.com.ar\/diario\/wp-json\/wp\/v2\/posts\/29297\/revisions"}],"predecessor-version":[{"id":29299,"href":"https:\/\/armstrongyregion.com.ar\/diario\/wp-json\/wp\/v2\/posts\/29297\/revisions\/29299"}],"wp:featuredmedia":[{"embeddable":true,"href":"https:\/\/armstrongyregion.com.ar\/diario\/wp-json\/wp\/v2\/media\/29298"}],"wp:attachment":[{"href":"https:\/\/armstrongyregion.com.ar\/diario\/wp-json\/wp\/v2\/media?parent=29297"}],"wp:term":[{"taxonomy":"category","embeddable":true,"href":"https:\/\/armstrongyregion.com.ar\/diario\/wp-json\/wp\/v2\/categories?post=29297"},{"taxonomy":"post_tag","embeddable":true,"href":"https:\/\/armstrongyregion.com.ar\/diario\/wp-json\/wp\/v2\/tags?post=29297"}],"curies":[{"name":"wp","href":"https:\/\/api.w.org\/{rel}","templated":true}]}}