{"id":29294,"date":"2021-03-15T13:55:43","date_gmt":"2021-03-15T13:55:43","guid":{"rendered":"https:\/\/armstrongyregion.com.ar\/diario\/?p=29294"},"modified":"2021-03-15T13:55:48","modified_gmt":"2021-03-15T13:55:48","slug":"capacitacion-ejercicio-de-la-preceptoria-desde-una-vision-pedagogica","status":"publish","type":"post","link":"https:\/\/armstrongyregion.com.ar\/diario\/capacitacion-ejercicio-de-la-preceptoria-desde-una-vision-pedagogica\/","title":{"rendered":"Capacitaci\u00f3n \u201cEjercicio de la preceptor\u00eda desde una visi\u00f3n pedag\u00f3gica\u00bb."},"content":{"rendered":"\n<figure class=\"wp-block-image size-large\"><img loading=\"lazy\" decoding=\"async\" width=\"638\" height=\"539\" src=\"http:\/\/armstrongyregion.com.ar\/diario\/wp-content\/uploads\/2021\/03\/Capacitaci\u00f3n-1.jpg\" alt=\"\" class=\"wp-image-29295\" srcset=\"https:\/\/armstrongyregion.com.ar\/diario\/wp-content\/uploads\/2021\/03\/Capacitaci\u00f3n-1.jpg 638w, https:\/\/armstrongyregion.com.ar\/diario\/wp-content\/uploads\/2021\/03\/Capacitaci\u00f3n-1-300x253.jpg 300w\" sizes=\"auto, (max-width: 638px) 100vw, 638px\" \/><\/figure>\n\n\n\n<p>\nEl Senador por el Departamento\nIriondo lanz\u00f3 este lunes la inscripci\u00f3n a una capacitaci\u00f3n en\npreceptor\u00eda que otorgar\u00e1 puntaje seg\u00fan decreto 3029\/12 en las\nlocalidades de Ca\u00f1ada de G\u00f3mez y Totoras.<\/p>\n\n\n\n<p>\nEntendiendo que los\npreceptores cumplen un papel central en el acompa\u00f1amiento de las\ntrayectorias escolares de los j\u00f3venes en el nivel secundario,\npodemos afirmar que la funci\u00f3n pedag\u00f3gica del preceptor consiste en\nacompa\u00f1ar a los estudiantes acerc\u00e1ndolos a las distintas instancias\nque la escuela ha previsto para garantizar su ingreso, permanencia y\negreso del nivel secundario con la mira puesta en la construcci\u00f3n de\naprendizajes significativos y pertinentes.<\/p>\n\n\n\n<p>\nEs por ello que este espacio\nde formaci\u00f3n intenta formar a preceptores conscientes del rol\neducativo que cumplen, profundizando las especificidades de su rol y\nenfatizando la necesidad de capacitarse en esta funci\u00f3n que\nresignifica y adquiere mayor relevancia dentro de las condiciones y\nformas de la cultura escolar contempor\u00e1nea. \n<\/p>\n\n\n\n<p>\nModalidad: semipresencial.<\/p>\n\n\n\n<p>\nDuraci\u00f3n: 10 meses, jueves de\n14Hs. a 16Hs.  (250 horas reloj)<\/p>\n\n\n\n<p>\nInicio: Abril 2021<\/p>\n\n\n\n<p>\nOTORGA PUNTAJE SEG\u00daN DECRETO\n3029\/12<\/p>\n\n\n\n<p>\nINSCRIPCIONES s\u00f3lo a trav\u00e9s\ndel WhatsApp Institucional de la Senadur\u00eda de Iriondo 3476-600579<\/p>\n\n\n\n<p>\nCUPOS LIMITADOS (30 INSCRIPTOS\nPOR SEDE)<\/p>\n","protected":false},"excerpt":{"rendered":"<p>El Senador por el Departamento Iriondo lanz\u00f3 este lunes la inscripci\u00f3n a una capacitaci\u00f3n en preceptor\u00eda que otorgar\u00e1 puntaje seg\u00fan decreto 3029\/12 en las localidades de Ca\u00f1ada de G\u00f3mez y Totoras. Entendiendo que los preceptores cumplen un papel central en el acompa\u00f1amiento de las trayectorias escolares de los j\u00f3venes en el nivel secundario, podemos afirmar <a href=\"https:\/\/armstrongyregion.com.ar\/diario\/capacitacion-ejercicio-de-la-preceptoria-desde-una-vision-pedagogica\/\" title=\"Read more\" >&#8230;<\/a><\/p>\n","protected":false},"author":1,"featured_media":29295,"comment_status":"open","ping_status":"open","sticky":false,"template":"","format":"image","meta":{"_jetpack_memberships_contains_paid_content":false,"footnotes":"","jetpack_publicize_message":"","jetpack_publicize_feature_enabled":true,"jetpack_social_post_already_shared":true,"jetpack_social_options":{"image_generator_settings":{"template":"highway","default_image_id":0,"enabled":false},"version":2}},"categories":[6,8,1,3],"tags":[],"class_list":["post-29294","post","type-post","status-publish","format-image","has-post-thumbnail","hentry","category-cultura-entretenimiento","category-deliberando","category-diario-armstrong","category-region","post_format-post-format-image"],"jetpack_publicize_connections":[],"jetpack_featured_media_url":"https:\/\/armstrongyregion.com.ar\/diario\/wp-content\/uploads\/2021\/03\/Capacitaci\u00f3n-1.jpg","jetpack_shortlink":"https:\/\/wp.me\/p62QDO-7Cu","jetpack_sharing_enabled":true,"amp_enabled":true,"_links":{"self":[{"href":"https:\/\/armstrongyregion.com.ar\/diario\/wp-json\/wp\/v2\/posts\/29294","targetHints":{"allow":["GET"]}}],"collection":[{"href":"https:\/\/armstrongyregion.com.ar\/diario\/wp-json\/wp\/v2\/posts"}],"about":[{"href":"https:\/\/armstrongyregion.com.ar\/diario\/wp-json\/wp\/v2\/types\/post"}],"author":[{"embeddable":true,"href":"https:\/\/armstrongyregion.com.ar\/diario\/wp-json\/wp\/v2\/users\/1"}],"replies":[{"embeddable":true,"href":"https:\/\/armstrongyregion.com.ar\/diario\/wp-json\/wp\/v2\/comments?post=29294"}],"version-history":[{"count":1,"href":"https:\/\/armstrongyregion.com.ar\/diario\/wp-json\/wp\/v2\/posts\/29294\/revisions"}],"predecessor-version":[{"id":29296,"href":"https:\/\/armstrongyregion.com.ar\/diario\/wp-json\/wp\/v2\/posts\/29294\/revisions\/29296"}],"wp:featuredmedia":[{"embeddable":true,"href":"https:\/\/armstrongyregion.com.ar\/diario\/wp-json\/wp\/v2\/media\/29295"}],"wp:attachment":[{"href":"https:\/\/armstrongyregion.com.ar\/diario\/wp-json\/wp\/v2\/media?parent=29294"}],"wp:term":[{"taxonomy":"category","embeddable":true,"href":"https:\/\/armstrongyregion.com.ar\/diario\/wp-json\/wp\/v2\/categories?post=29294"},{"taxonomy":"post_tag","embeddable":true,"href":"https:\/\/armstrongyregion.com.ar\/diario\/wp-json\/wp\/v2\/tags?post=29294"}],"curies":[{"name":"wp","href":"https:\/\/api.w.org\/{rel}","templated":true}]}}