{"id":29275,"date":"2021-03-11T13:51:32","date_gmt":"2021-03-11T13:51:32","guid":{"rendered":"https:\/\/armstrongyregion.com.ar\/diario\/?p=29275"},"modified":"2021-03-11T13:51:35","modified_gmt":"2021-03-11T13:51:35","slug":"adhesion-del-municipio-a-ley-micaela-contempla-la-creacion-del-programa-de-capacitacion-nacional-de-violencia-de-genero-y-violencia-contra-la-mujer","status":"publish","type":"post","link":"https:\/\/armstrongyregion.com.ar\/diario\/adhesion-del-municipio-a-ley-micaela-contempla-la-creacion-del-programa-de-capacitacion-nacional-de-violencia-de-genero-y-violencia-contra-la-mujer\/","title":{"rendered":"Adhesi\u00f3n del municipio a ley Micaela contempla la creaci\u00f3n del programa de capacitaci\u00f3n nacional de violencia de genero y violencia contra la mujer."},"content":{"rendered":"\n<figure class=\"wp-block-image size-large\"><img loading=\"lazy\" decoding=\"async\" width=\"490\" height=\"1008\" src=\"http:\/\/armstrongyregion.com.ar\/diario\/wp-content\/uploads\/2021\/03\/Ale-pertu-foto-1-.jpg\" alt=\"\" class=\"wp-image-29277\" srcset=\"https:\/\/armstrongyregion.com.ar\/diario\/wp-content\/uploads\/2021\/03\/Ale-pertu-foto-1-.jpg 490w, https:\/\/armstrongyregion.com.ar\/diario\/wp-content\/uploads\/2021\/03\/Ale-pertu-foto-1--146x300.jpg 146w\" sizes=\"auto, (max-width: 490px) 100vw, 490px\" \/><\/figure>\n\n\n\n<p>\nEl bloque oficialista integrado por Carlos Cuffia y Alejandro\nPertusati, present\u00f3 un proyecto de ordenanza en adhesi\u00f3n a la Ley\nMicaela.<\/p>\n\n\n\n<p>El\nedil Pertusati nos dec\u00eda: \u201cEs la adhesi\u00f3n del municipio a Ley\nMicaela que contempla la creaci\u00f3n del programa de capacitaci\u00f3n\nnacional de violencia de genero y violencia contra la mujer para todo\nlo que es estamentos p\u00fablicos, estos cursos que ya comenzaron la\nsemana anterior. Por supuesto que no vamos a ahondar en lo que es el\ncaso de Micaela Garc\u00eda y de todos los homicidios que siguen\nocurriendo en el pa\u00eds, las chicas cada vez mas desprotegidas y las\npol\u00edticas publicas cada vez las tienen menos en cuenta, no hay\nestrado, no hay fuerzas de seguridad y la verdad que esto esta en\ncrecimiento. No hay fuerza judicial tampoco cada vez que una chica\nhace una, dos, tres, diez denuncias, parece que la justicia es mas\nciega que nunca\u201d.<\/p>\n\n\n\n<p>Tambi\u00e9n\ninform\u00f3: \u201cEl municipio esta realizando esta capacitaci\u00f3n, por un\nlado el gabinete municipal y desde el concejo estuvo el bloque\noficialista el concejal Cuffia y yo y en la ultima capacitaci\u00f3n\ntambi\u00e9n se sumo de Renovaci\u00f3n por Armstrong el concejal Emiliano\nGramigna\u201d. \n<\/p>\n","protected":false},"excerpt":{"rendered":"<p>El bloque oficialista integrado por Carlos Cuffia y Alejandro Pertusati, present\u00f3 un proyecto de ordenanza en adhesi\u00f3n a la Ley Micaela. El edil Pertusati nos dec\u00eda: \u201cEs la adhesi\u00f3n del municipio a Ley Micaela que contempla la creaci\u00f3n del programa de capacitaci\u00f3n nacional de violencia de genero y violencia contra la mujer para todo lo <a href=\"https:\/\/armstrongyregion.com.ar\/diario\/adhesion-del-municipio-a-ley-micaela-contempla-la-creacion-del-programa-de-capacitacion-nacional-de-violencia-de-genero-y-violencia-contra-la-mujer\/\" title=\"Read more\" >&#8230;<\/a><\/p>\n","protected":false},"author":1,"featured_media":29277,"comment_status":"open","ping_status":"open","sticky":false,"template":"","format":"image","meta":{"_jetpack_memberships_contains_paid_content":false,"footnotes":"","jetpack_publicize_message":"","jetpack_publicize_feature_enabled":true,"jetpack_social_post_already_shared":true,"jetpack_social_options":{"image_generator_settings":{"template":"highway","default_image_id":0,"enabled":false},"version":2}},"categories":[8,1,2,7],"tags":[],"class_list":["post-29275","post","type-post","status-publish","format-image","has-post-thumbnail","hentry","category-deliberando","category-diario-armstrong","category-locales","category-politica","post_format-post-format-image"],"jetpack_publicize_connections":[],"jetpack_featured_media_url":"https:\/\/armstrongyregion.com.ar\/diario\/wp-content\/uploads\/2021\/03\/Ale-pertu-foto-1-.jpg","jetpack_shortlink":"https:\/\/wp.me\/p62QDO-7Cb","jetpack_sharing_enabled":true,"amp_enabled":true,"_links":{"self":[{"href":"https:\/\/armstrongyregion.com.ar\/diario\/wp-json\/wp\/v2\/posts\/29275","targetHints":{"allow":["GET"]}}],"collection":[{"href":"https:\/\/armstrongyregion.com.ar\/diario\/wp-json\/wp\/v2\/posts"}],"about":[{"href":"https:\/\/armstrongyregion.com.ar\/diario\/wp-json\/wp\/v2\/types\/post"}],"author":[{"embeddable":true,"href":"https:\/\/armstrongyregion.com.ar\/diario\/wp-json\/wp\/v2\/users\/1"}],"replies":[{"embeddable":true,"href":"https:\/\/armstrongyregion.com.ar\/diario\/wp-json\/wp\/v2\/comments?post=29275"}],"version-history":[{"count":1,"href":"https:\/\/armstrongyregion.com.ar\/diario\/wp-json\/wp\/v2\/posts\/29275\/revisions"}],"predecessor-version":[{"id":29278,"href":"https:\/\/armstrongyregion.com.ar\/diario\/wp-json\/wp\/v2\/posts\/29275\/revisions\/29278"}],"wp:featuredmedia":[{"embeddable":true,"href":"https:\/\/armstrongyregion.com.ar\/diario\/wp-json\/wp\/v2\/media\/29277"}],"wp:attachment":[{"href":"https:\/\/armstrongyregion.com.ar\/diario\/wp-json\/wp\/v2\/media?parent=29275"}],"wp:term":[{"taxonomy":"category","embeddable":true,"href":"https:\/\/armstrongyregion.com.ar\/diario\/wp-json\/wp\/v2\/categories?post=29275"},{"taxonomy":"post_tag","embeddable":true,"href":"https:\/\/armstrongyregion.com.ar\/diario\/wp-json\/wp\/v2\/tags?post=29275"}],"curies":[{"name":"wp","href":"https:\/\/api.w.org\/{rel}","templated":true}]}}