{"id":29228,"date":"2021-03-09T21:17:12","date_gmt":"2021-03-09T21:17:12","guid":{"rendered":"https:\/\/armstrongyregion.com.ar\/diario\/?p=29228"},"modified":"2021-03-09T21:31:19","modified_gmt":"2021-03-09T21:31:19","slug":"armstrong-conmemoro-el-dia-internacional-de-la-mujer-en-el-mhm","status":"publish","type":"post","link":"https:\/\/armstrongyregion.com.ar\/diario\/armstrong-conmemoro-el-dia-internacional-de-la-mujer-en-el-mhm\/","title":{"rendered":"Armstrong conmemor\u00f3 el D\u00eda Internacional de la Mujer en el MHM."},"content":{"rendered":"\n<figure class=\"wp-block-image size-large\"><img loading=\"lazy\" decoding=\"async\" width=\"658\" height=\"320\" src=\"http:\/\/armstrongyregion.com.ar\/diario\/wp-content\/uploads\/2021\/03\/dia-mujer-2021-.jpg\" alt=\"\" class=\"wp-image-29229\" srcset=\"https:\/\/armstrongyregion.com.ar\/diario\/wp-content\/uploads\/2021\/03\/dia-mujer-2021-.jpg 658w, https:\/\/armstrongyregion.com.ar\/diario\/wp-content\/uploads\/2021\/03\/dia-mujer-2021--300x146.jpg 300w\" sizes=\"auto, (max-width: 658px) 100vw, 658px\" \/><\/figure>\n\n\n\n<p> Como estaba previsto el d\u00eda 8 de marzo, la Secretar\u00eda de Cultura junto a la Biblioteca Popular Sarmiento invitaron a un evento en el MHM a conmemorar el d\u00eda internacional de la mujer, donde se comparti\u00f3 poes\u00eda, m\u00fasica en vivo, bailes y se dio apertura a la primera muestra itinerante del a\u00f1o en el museo.<\/p>\n\n\n\n<figure class=\"wp-block-image size-large\"><img loading=\"lazy\" decoding=\"async\" width=\"658\" height=\"320\" src=\"http:\/\/armstrongyregion.com.ar\/diario\/wp-content\/uploads\/2021\/03\/dia-mujer-2021-1-.jpg\" alt=\"\" class=\"wp-image-29230\" srcset=\"https:\/\/armstrongyregion.com.ar\/diario\/wp-content\/uploads\/2021\/03\/dia-mujer-2021-1-.jpg 658w, https:\/\/armstrongyregion.com.ar\/diario\/wp-content\/uploads\/2021\/03\/dia-mujer-2021-1--300x146.jpg 300w\" sizes=\"auto, (max-width: 658px) 100vw, 658px\" \/><\/figure>\n\n\n\n<p>El intendente Dr. Pablo Verdecchia, en dialogo con los medios locales expres\u00f3: \u201cEs un hecho en conmemoraci\u00f3n por el d\u00eda a d\u00eda, a\u00f1o tras a\u00f1o, d\u00e9cada tras d\u00e9cada de las mujeres por lograr la igualdad y el reconocimiento pleno de sus derechos y la verdad en un a\u00f1o que ha sido muy dif\u00edcil para el genero donde ha aumentado la violencia debido a la pandemia. Esta es una lucha de toda la sociedad en general para que esos derechos de igualdad de oportunidad puedan llegar a todas y cada una de las mujeres que a lo largo de la historia han sufrido, como paso aquel 8 de marzo de 1908 donde  129 mujeres murieron en un incendio en la f\u00e1brica Cotton, de Nueva York, Estados Unidos, luego de que se declararan en huelga con permanencia en su lugar de trabajo;  \u00e9ste es el hecho que conmemoramos hoy\u00bb. <\/p>\n\n\n\n<figure class=\"wp-block-image size-large\"><img loading=\"lazy\" decoding=\"async\" width=\"658\" height=\"320\" src=\"http:\/\/armstrongyregion.com.ar\/diario\/wp-content\/uploads\/2021\/03\/dia-mujer-2021-3-.jpg\" alt=\"\" class=\"wp-image-29231\" srcset=\"https:\/\/armstrongyregion.com.ar\/diario\/wp-content\/uploads\/2021\/03\/dia-mujer-2021-3-.jpg 658w, https:\/\/armstrongyregion.com.ar\/diario\/wp-content\/uploads\/2021\/03\/dia-mujer-2021-3--300x146.jpg 300w\" sizes=\"auto, (max-width: 658px) 100vw, 658px\" \/><\/figure>\n\n\n\n<p>Verdecchia remat\u00f3: \u201cNo es solo un d\u00eda al a\u00f1o,  son los 365 d\u00edas al a\u00f1o que debemos seguir manteniendo esa lucha por los derechos, eso es lo importante y tambi\u00e9n qu\u00e9 debemos definir como sociedad, recordar es saludar, es abrazar a todas las mujeres en este d\u00eda, por eso no quer\u00edamos dejar de conmemorar el Dia de la Mujer\u201d.<\/p>\n\n\n\n<p><\/p>\n\n\n\n<figure class=\"wp-block-image size-large\"><img loading=\"lazy\" decoding=\"async\" width=\"658\" height=\"320\" src=\"http:\/\/armstrongyregion.com.ar\/diario\/wp-content\/uploads\/2021\/03\/dia-de-la-mujer-2021-4.jpg\" alt=\"\" class=\"wp-image-29232\" srcset=\"https:\/\/armstrongyregion.com.ar\/diario\/wp-content\/uploads\/2021\/03\/dia-de-la-mujer-2021-4.jpg 658w, https:\/\/armstrongyregion.com.ar\/diario\/wp-content\/uploads\/2021\/03\/dia-de-la-mujer-2021-4-300x146.jpg 300w\" sizes=\"auto, (max-width: 658px) 100vw, 658px\" \/><\/figure>\n\n\n\n<p>En esta oportunidad, el intendente  dio por sentado que con este evento se dio la apertura de la primera muestra itinerante del a\u00f1o en el MHM.  <\/p>\n","protected":false},"excerpt":{"rendered":"<p>Como estaba previsto el d\u00eda 8 de marzo, la Secretar\u00eda de Cultura junto a la Biblioteca Popular Sarmiento invitaron a un evento en el MHM a conmemorar el d\u00eda internacional de la mujer, donde se comparti\u00f3 poes\u00eda, m\u00fasica en vivo, bailes y se dio apertura a la primera muestra itinerante del a\u00f1o en el museo. <a href=\"https:\/\/armstrongyregion.com.ar\/diario\/armstrong-conmemoro-el-dia-internacional-de-la-mujer-en-el-mhm\/\" title=\"Read more\" >&#8230;<\/a><\/p>\n","protected":false},"author":1,"featured_media":29231,"comment_status":"open","ping_status":"open","sticky":false,"template":"","format":"image","meta":{"_jetpack_memberships_contains_paid_content":false,"footnotes":"","jetpack_publicize_message":"","jetpack_publicize_feature_enabled":true,"jetpack_social_post_already_shared":true,"jetpack_social_options":{"image_generator_settings":{"template":"highway","default_image_id":0,"enabled":false},"version":2}},"categories":[6,8,1,2],"tags":[],"class_list":["post-29228","post","type-post","status-publish","format-image","has-post-thumbnail","hentry","category-cultura-entretenimiento","category-deliberando","category-diario-armstrong","category-locales","post_format-post-format-image"],"jetpack_publicize_connections":[],"jetpack_featured_media_url":"https:\/\/armstrongyregion.com.ar\/diario\/wp-content\/uploads\/2021\/03\/dia-mujer-2021-3-.jpg","jetpack_shortlink":"https:\/\/wp.me\/p62QDO-7Bq","jetpack_sharing_enabled":true,"amp_enabled":true,"_links":{"self":[{"href":"https:\/\/armstrongyregion.com.ar\/diario\/wp-json\/wp\/v2\/posts\/29228","targetHints":{"allow":["GET"]}}],"collection":[{"href":"https:\/\/armstrongyregion.com.ar\/diario\/wp-json\/wp\/v2\/posts"}],"about":[{"href":"https:\/\/armstrongyregion.com.ar\/diario\/wp-json\/wp\/v2\/types\/post"}],"author":[{"embeddable":true,"href":"https:\/\/armstrongyregion.com.ar\/diario\/wp-json\/wp\/v2\/users\/1"}],"replies":[{"embeddable":true,"href":"https:\/\/armstrongyregion.com.ar\/diario\/wp-json\/wp\/v2\/comments?post=29228"}],"version-history":[{"count":5,"href":"https:\/\/armstrongyregion.com.ar\/diario\/wp-json\/wp\/v2\/posts\/29228\/revisions"}],"predecessor-version":[{"id":29238,"href":"https:\/\/armstrongyregion.com.ar\/diario\/wp-json\/wp\/v2\/posts\/29228\/revisions\/29238"}],"wp:featuredmedia":[{"embeddable":true,"href":"https:\/\/armstrongyregion.com.ar\/diario\/wp-json\/wp\/v2\/media\/29231"}],"wp:attachment":[{"href":"https:\/\/armstrongyregion.com.ar\/diario\/wp-json\/wp\/v2\/media?parent=29228"}],"wp:term":[{"taxonomy":"category","embeddable":true,"href":"https:\/\/armstrongyregion.com.ar\/diario\/wp-json\/wp\/v2\/categories?post=29228"},{"taxonomy":"post_tag","embeddable":true,"href":"https:\/\/armstrongyregion.com.ar\/diario\/wp-json\/wp\/v2\/tags?post=29228"}],"curies":[{"name":"wp","href":"https:\/\/api.w.org\/{rel}","templated":true}]}}