{"id":2916,"date":"2015-07-06T01:41:27","date_gmt":"2015-07-06T01:41:27","guid":{"rendered":"https:\/\/armstrongyregion.com.ar\/diario\/?p=2916"},"modified":"2015-07-06T01:41:27","modified_gmt":"2015-07-06T01:41:27","slug":"daniela-perez-y-el-pte-del-concejo-adrian-marozzi-hablan-sobre-las-expectativas-para-un-nuevo-periodo","status":"publish","type":"post","link":"https:\/\/armstrongyregion.com.ar\/diario\/daniela-perez-y-el-pte-del-concejo-adrian-marozzi-hablan-sobre-las-expectativas-para-un-nuevo-periodo\/","title":{"rendered":"Daniela P\u00e9rez y el Pte del concejo Adrian Marozzi hablan sobre las  expectativas para un nuevo periodo."},"content":{"rendered":"<p><a href=\"http:\/\/armstrongyregion.com.ar\/diario\/wp-content\/uploads\/2015\/07\/DSC_0285.jpg\"><img loading=\"lazy\" decoding=\"async\" class=\"alignnone size-medium wp-image-2917\" src=\"http:\/\/armstrongyregion.com.ar\/diario\/wp-content\/uploads\/2015\/07\/DSC_0285-300x200.jpg\" alt=\"Daniela Perez\" width=\"300\" height=\"200\" srcset=\"https:\/\/armstrongyregion.com.ar\/diario\/wp-content\/uploads\/2015\/07\/DSC_0285-300x200.jpg 300w, https:\/\/armstrongyregion.com.ar\/diario\/wp-content\/uploads\/2015\/07\/DSC_0285-1024x682.jpg 1024w\" sizes=\"auto, (max-width: 300px) 100vw, 300px\" \/><\/a><\/p>\n<p><iframe loading=\"lazy\" width=\"800\" height=\"600\" src=\"https:\/\/www.youtube.com\/embed\/D2ga92BeVHE?feature=oembed\" frameborder=\"0\" allowfullscreen><\/iframe><\/p>\n<p>El cuerpo deliberativo de Armstrong volver\u00e1 a tener entre sus ediles a Daniel Perez, del Frente Progresista, que retuvo su banca. Ser\u00e1 quien seguir\u00e1 volcando en el concejo lo encarado desde que lleg\u00f3 y que siempre tiene que ver con las necesidades de los vecinos en todos sus aspectos. Estar\u00e1 acompa\u00f1ada por el presidente del cuerpo Adri\u00e1n Marozzi.<\/p>\n","protected":false},"excerpt":{"rendered":"<p>El cuerpo deliberativo de Armstrong volver\u00e1 a tener entre sus ediles a Daniel Perez, del Frente Progresista, que retuvo su banca. Ser\u00e1 quien seguir\u00e1 volcando en el concejo lo encarado desde que lleg\u00f3 y que siempre tiene que ver con las necesidades de los vecinos en todos sus aspectos. Estar\u00e1 acompa\u00f1ada por el presidente del <a href=\"https:\/\/armstrongyregion.com.ar\/diario\/daniela-perez-y-el-pte-del-concejo-adrian-marozzi-hablan-sobre-las-expectativas-para-un-nuevo-periodo\/\" title=\"Read more\" >&#8230;<\/a><\/p>\n","protected":false},"author":2,"featured_media":2917,"comment_status":"open","ping_status":"open","sticky":false,"template":"","format":"standard","meta":{"_jetpack_memberships_contains_paid_content":false,"footnotes":"","jetpack_publicize_message":"","jetpack_publicize_feature_enabled":true,"jetpack_social_post_already_shared":false,"jetpack_social_options":{"image_generator_settings":{"template":"highway","default_image_id":0,"enabled":false},"version":2}},"categories":[8,1,2,7],"tags":[2180,868,1794,53,16,1862,2181,23,1577,51,81,736,1113,1842,118,192,13],"class_list":["post-2916","post","type-post","status-publish","format-standard","has-post-thumbnail","hentry","category-deliberando","category-diario-armstrong","category-locales","category-politica","tag-adrian","tag-concejo","tag-daniela","tag-del","tag-el","tag-expectativas","tag-hablan","tag-las","tag-marozzi","tag-nuevo","tag-para","tag-perez","tag-periodo","tag-pte","tag-sobre","tag-un","tag-y"],"jetpack_publicize_connections":[],"jetpack_featured_media_url":"https:\/\/armstrongyregion.com.ar\/diario\/wp-content\/uploads\/2015\/07\/DSC_0285.jpg","jetpack_shortlink":"https:\/\/wp.me\/p62QDO-L2","jetpack_sharing_enabled":true,"amp_enabled":true,"_links":{"self":[{"href":"https:\/\/armstrongyregion.com.ar\/diario\/wp-json\/wp\/v2\/posts\/2916","targetHints":{"allow":["GET"]}}],"collection":[{"href":"https:\/\/armstrongyregion.com.ar\/diario\/wp-json\/wp\/v2\/posts"}],"about":[{"href":"https:\/\/armstrongyregion.com.ar\/diario\/wp-json\/wp\/v2\/types\/post"}],"author":[{"embeddable":true,"href":"https:\/\/armstrongyregion.com.ar\/diario\/wp-json\/wp\/v2\/users\/2"}],"replies":[{"embeddable":true,"href":"https:\/\/armstrongyregion.com.ar\/diario\/wp-json\/wp\/v2\/comments?post=2916"}],"version-history":[{"count":0,"href":"https:\/\/armstrongyregion.com.ar\/diario\/wp-json\/wp\/v2\/posts\/2916\/revisions"}],"wp:featuredmedia":[{"embeddable":true,"href":"https:\/\/armstrongyregion.com.ar\/diario\/wp-json\/wp\/v2\/media\/2917"}],"wp:attachment":[{"href":"https:\/\/armstrongyregion.com.ar\/diario\/wp-json\/wp\/v2\/media?parent=2916"}],"wp:term":[{"taxonomy":"category","embeddable":true,"href":"https:\/\/armstrongyregion.com.ar\/diario\/wp-json\/wp\/v2\/categories?post=2916"},{"taxonomy":"post_tag","embeddable":true,"href":"https:\/\/armstrongyregion.com.ar\/diario\/wp-json\/wp\/v2\/tags?post=2916"}],"curies":[{"name":"wp","href":"https:\/\/api.w.org\/{rel}","templated":true}]}}