{"id":29158,"date":"2021-03-04T13:21:10","date_gmt":"2021-03-04T13:21:10","guid":{"rendered":"https:\/\/armstrongyregion.com.ar\/diario\/?p=29158"},"modified":"2021-03-04T13:21:13","modified_gmt":"2021-03-04T13:21:13","slug":"cuffia-el-compromiso-que-tengo-es-cumplir-mi-mandato-hasta-el-mes-de-diciembre-siempre-estare-a-disposicion-de-lo-que-sea-necesario","status":"publish","type":"post","link":"https:\/\/armstrongyregion.com.ar\/diario\/cuffia-el-compromiso-que-tengo-es-cumplir-mi-mandato-hasta-el-mes-de-diciembre-siempre-estare-a-disposicion-de-lo-que-sea-necesario\/","title":{"rendered":"Cuffia:  \u201cEl compromiso que tengo es cumplir mi mandato hasta el mes de diciembre, siempre estar\u00e9 a disposici\u00f3n de lo que sea  necesario\u201d."},"content":{"rendered":"\n<figure class=\"wp-block-image size-large\"><img loading=\"lazy\" decoding=\"async\" width=\"960\" height=\"720\" src=\"http:\/\/armstrongyregion.com.ar\/diario\/wp-content\/uploads\/2018\/12\/carlos-cuffia-.jpg\" alt=\"\" class=\"wp-image-19663\" srcset=\"https:\/\/armstrongyregion.com.ar\/diario\/wp-content\/uploads\/2018\/12\/carlos-cuffia-.jpg 960w, https:\/\/armstrongyregion.com.ar\/diario\/wp-content\/uploads\/2018\/12\/carlos-cuffia--300x225.jpg 300w\" sizes=\"auto, (max-width: 960px) 100vw, 960px\" \/><\/figure>\n\n\n\n<p>\nEl concejal por el oficialismo Carlos Cuffia, as\u00ed se expresaba sobre\nla presencia y el discurso de la autoridad m\u00e1xima de nuestra ciudad;\n\u201cRealmente este es un acto muy importante mas all\u00e1 de que tenga\ncar\u00e1cter protocolar le da inicio a las sesiones 2021 de nuestro\nconcejo municipal. Tambi\u00e9n la palabra del intendente fue un resumen\nde lo sucedido en el 2020, a\u00f1o especial debido a la pandemia que\nestamos viviendo y el Dr. Verdecchia fue haciendo un recuento de las\ndistintas obras y acciones que ha llevado adelante el municipio y que\ntiene proyectado concretar durante este a\u00f1o. Que mas all\u00e1 de las\nbander\u00edas pol\u00edticas creo que son muy importantes porque hace a la\nmejora de la calidad de vida de nuestra ciudad y de nuestros\nhabitantes\u201d.<\/p>\n\n\n\n<p>Este\na\u00f1o vence el periodo legislativo del concejal Cuffia, ante la\nconsulta sobre su futuro pol\u00edtico el edil dijo: \u201cEso es un tema\nque indudablemente se define dentro del equipo de trabajo y dentro\ndel partido, hoy por hoy el compromiso que tengo es cumplir mi\nmandato hasta el mes de diciembre y de acuerdo a lo que se decida en\nforma conjunta y con el partido estar\u00e9 siempre a disposici\u00f3n de lo\nque sea  necesario para todo el equipo\u201d.<\/p>\n","protected":false},"excerpt":{"rendered":"<p>El concejal por el oficialismo Carlos Cuffia, as\u00ed se expresaba sobre la presencia y el discurso de la autoridad m\u00e1xima de nuestra ciudad; \u201cRealmente este es un acto muy importante mas all\u00e1 de que tenga car\u00e1cter protocolar le da inicio a las sesiones 2021 de nuestro concejo municipal. Tambi\u00e9n la palabra del intendente fue un <a href=\"https:\/\/armstrongyregion.com.ar\/diario\/cuffia-el-compromiso-que-tengo-es-cumplir-mi-mandato-hasta-el-mes-de-diciembre-siempre-estare-a-disposicion-de-lo-que-sea-necesario\/\" title=\"Read more\" >&#8230;<\/a><\/p>\n","protected":false},"author":1,"featured_media":19663,"comment_status":"open","ping_status":"open","sticky":false,"template":"","format":"image","meta":{"_jetpack_memberships_contains_paid_content":false,"footnotes":"","jetpack_publicize_message":"","jetpack_publicize_feature_enabled":true,"jetpack_social_post_already_shared":true,"jetpack_social_options":{"image_generator_settings":{"template":"highway","default_image_id":0,"enabled":false},"version":2}},"categories":[8,1,2,7],"tags":[],"class_list":["post-29158","post","type-post","status-publish","format-image","has-post-thumbnail","hentry","category-deliberando","category-diario-armstrong","category-locales","category-politica","post_format-post-format-image"],"jetpack_publicize_connections":[],"jetpack_featured_media_url":"https:\/\/armstrongyregion.com.ar\/diario\/wp-content\/uploads\/2018\/12\/carlos-cuffia-.jpg","jetpack_shortlink":"https:\/\/wp.me\/p62QDO-7Ai","jetpack_sharing_enabled":true,"amp_enabled":true,"_links":{"self":[{"href":"https:\/\/armstrongyregion.com.ar\/diario\/wp-json\/wp\/v2\/posts\/29158","targetHints":{"allow":["GET"]}}],"collection":[{"href":"https:\/\/armstrongyregion.com.ar\/diario\/wp-json\/wp\/v2\/posts"}],"about":[{"href":"https:\/\/armstrongyregion.com.ar\/diario\/wp-json\/wp\/v2\/types\/post"}],"author":[{"embeddable":true,"href":"https:\/\/armstrongyregion.com.ar\/diario\/wp-json\/wp\/v2\/users\/1"}],"replies":[{"embeddable":true,"href":"https:\/\/armstrongyregion.com.ar\/diario\/wp-json\/wp\/v2\/comments?post=29158"}],"version-history":[{"count":1,"href":"https:\/\/armstrongyregion.com.ar\/diario\/wp-json\/wp\/v2\/posts\/29158\/revisions"}],"predecessor-version":[{"id":29159,"href":"https:\/\/armstrongyregion.com.ar\/diario\/wp-json\/wp\/v2\/posts\/29158\/revisions\/29159"}],"wp:featuredmedia":[{"embeddable":true,"href":"https:\/\/armstrongyregion.com.ar\/diario\/wp-json\/wp\/v2\/media\/19663"}],"wp:attachment":[{"href":"https:\/\/armstrongyregion.com.ar\/diario\/wp-json\/wp\/v2\/media?parent=29158"}],"wp:term":[{"taxonomy":"category","embeddable":true,"href":"https:\/\/armstrongyregion.com.ar\/diario\/wp-json\/wp\/v2\/categories?post=29158"},{"taxonomy":"post_tag","embeddable":true,"href":"https:\/\/armstrongyregion.com.ar\/diario\/wp-json\/wp\/v2\/tags?post=29158"}],"curies":[{"name":"wp","href":"https:\/\/api.w.org\/{rel}","templated":true}]}}